{"@context":"https:\/\/schema.org\/","@type":"CollectionPage","@id":"https:\/\/www.amos-ova.cz\/zvirata\/#CollectionPage","headline":"Zv\u00ed\u0159ata Category","description":"","url":"https:\/\/www.amos-ova.cz\/zvirata\/","hasPart":[{"@type":"Article","@id":"https:\/\/www.amos-ova.cz\/porizujeme-papouska\/","headline":"Po\u0159izujeme papou\u0161ka","url":"https:\/\/www.amos-ova.cz\/porizujeme-papouska\/","datePublished":"2025-03-05","dateModified":"2023-04-29","mainEntityOfPage":"https:\/\/www.amos-ova.cz\/porizujeme-papouska\/","author":{"@type":"Person","@id":"https:\/\/www.amos-ova.cz\/author\/#Person","name":"amos-ova.cz\n","url":"https:\/\/www.amos-ova.cz\/author\/","identifier":1,"image":{"@type":"ImageObject","@id":"https:\/\/secure.gravatar.com\/avatar\/4b051168bd2ace843d503d3432ebc4a96ac13303845197b3f2a2634cb21029f6?s=96&d=mm&r=g","url":"https:\/\/secure.gravatar.com\/avatar\/4b051168bd2ace843d503d3432ebc4a96ac13303845197b3f2a2634cb21029f6?s=96&d=mm&r=g","height":96,"width":96}},"publisher":{"@type":"Organization","name":"amos-ova.cz","logo":{"@type":"ImageObject","@id":"\/logo.png","url":"\/logo.png","width":600,"height":60}},"image":{"@type":"ImageObject","@id":"https:\/\/www.amos-ova.cz\/wp-content\/uploads\/img_a336444_w1894_t1549879208.jpg","url":"https:\/\/www.amos-ova.cz\/wp-content\/uploads\/img_a336444_w1894_t1549879208.jpg","height":0,"width":0},"keywords":null},{"@type":"Article","@id":"https:\/\/www.amos-ova.cz\/vychova-psiho-kamarada\/","headline":"V\u00fdchova ps\u00edho kamar\u00e1da","url":"https:\/\/www.amos-ova.cz\/vychova-psiho-kamarada\/","datePublished":"2025-03-03","dateModified":"2023-04-29","mainEntityOfPage":"https:\/\/www.amos-ova.cz\/vychova-psiho-kamarada\/","author":{"@type":"Person","@id":"https:\/\/www.amos-ova.cz\/author\/#Person","name":"amos-ova.cz\n","url":"https:\/\/www.amos-ova.cz\/author\/","identifier":1,"image":{"@type":"ImageObject","@id":"https:\/\/secure.gravatar.com\/avatar\/4b051168bd2ace843d503d3432ebc4a96ac13303845197b3f2a2634cb21029f6?s=96&d=mm&r=g","url":"https:\/\/secure.gravatar.com\/avatar\/4b051168bd2ace843d503d3432ebc4a96ac13303845197b3f2a2634cb21029f6?s=96&d=mm&r=g","height":96,"width":96}},"publisher":{"@type":"Organization","name":"amos-ova.cz","logo":{"@type":"ImageObject","@id":"\/logo.png","url":"\/logo.png","width":600,"height":60}},"image":{"@type":"ImageObject","@id":"https:\/\/www.amos-ova.cz\/wp-content\/uploads\/img_a311398_w1894_t1522224962.jpg","url":"https:\/\/www.amos-ova.cz\/wp-content\/uploads\/img_a311398_w1894_t1522224962.jpg","height":0,"width":0},"keywords":null},{"@type":"Article","@id":"https:\/\/www.amos-ova.cz\/zvireci-svet\/","headline":"Zv\u00ed\u0159ec\u00ed sv\u011bt","url":"https:\/\/www.amos-ova.cz\/zvireci-svet\/","datePublished":"2023-04-29","dateModified":"2023-04-29","mainEntityOfPage":"https:\/\/www.amos-ova.cz\/zvireci-svet\/","author":{"@type":"Person","@id":"https:\/\/www.amos-ova.cz\/author\/#Person","name":"amos-ova.cz\n","url":"https:\/\/www.amos-ova.cz\/author\/","identifier":1,"image":{"@type":"ImageObject","@id":"https:\/\/secure.gravatar.com\/avatar\/4b051168bd2ace843d503d3432ebc4a96ac13303845197b3f2a2634cb21029f6?s=96&d=mm&r=g","url":"https:\/\/secure.gravatar.com\/avatar\/4b051168bd2ace843d503d3432ebc4a96ac13303845197b3f2a2634cb21029f6?s=96&d=mm&r=g","height":96,"width":96}},"publisher":{"@type":"Organization","name":"amos-ova.cz","logo":{"@type":"ImageObject","@id":"\/logo.png","url":"\/logo.png","width":600,"height":60}},"image":null,"keywords":null},{"@type":"Article","@id":"https:\/\/www.amos-ova.cz\/proc-se-ptaci-ve-vzduchu-nesrazi\/","headline":"Pro\u010d se pt\u00e1ci ve vzduchu nesraz\u00ed","url":"https:\/\/www.amos-ova.cz\/proc-se-ptaci-ve-vzduchu-nesrazi\/","datePublished":"2023-04-29","dateModified":"2023-04-29","mainEntityOfPage":"https:\/\/www.amos-ova.cz\/proc-se-ptaci-ve-vzduchu-nesrazi\/","author":{"@type":"Person","@id":"https:\/\/www.amos-ova.cz\/author\/#Person","name":"amos-ova.cz\n","url":"https:\/\/www.amos-ova.cz\/author\/","identifier":1,"image":{"@type":"ImageObject","@id":"https:\/\/secure.gravatar.com\/avatar\/4b051168bd2ace843d503d3432ebc4a96ac13303845197b3f2a2634cb21029f6?s=96&d=mm&r=g","url":"https:\/\/secure.gravatar.com\/avatar\/4b051168bd2ace843d503d3432ebc4a96ac13303845197b3f2a2634cb21029f6?s=96&d=mm&r=g","height":96,"width":96}},"publisher":{"@type":"Organization","name":"amos-ova.cz","logo":{"@type":"ImageObject","@id":"\/logo.png","url":"\/logo.png","width":600,"height":60}},"image":null,"keywords":null},{"@type":"Article","@id":"https:\/\/www.amos-ova.cz\/zvirata-a-cestovani-do-zahranici\/","headline":"Zv\u00ed\u0159ata a cestov\u00e1n\u00ed do zahrani\u010d\u00ed","url":"https:\/\/www.amos-ova.cz\/zvirata-a-cestovani-do-zahranici\/","datePublished":"2023-04-29","dateModified":"2023-04-29","mainEntityOfPage":"https:\/\/www.amos-ova.cz\/zvirata-a-cestovani-do-zahranici\/","author":{"@type":"Person","@id":"https:\/\/www.amos-ova.cz\/author\/#Person","name":"amos-ova.cz\n","url":"https:\/\/www.amos-ova.cz\/author\/","identifier":1,"image":{"@type":"ImageObject","@id":"https:\/\/secure.gravatar.com\/avatar\/4b051168bd2ace843d503d3432ebc4a96ac13303845197b3f2a2634cb21029f6?s=96&d=mm&r=g","url":"https:\/\/secure.gravatar.com\/avatar\/4b051168bd2ace843d503d3432ebc4a96ac13303845197b3f2a2634cb21029f6?s=96&d=mm&r=g","height":96,"width":96}},"publisher":{"@type":"Organization","name":"amos-ova.cz","logo":{"@type":"ImageObject","@id":"\/logo.png","url":"\/logo.png","width":600,"height":60}},"image":null,"keywords":null},{"@type":"Article","@id":"https:\/\/www.amos-ova.cz\/kryci-plachta-ochrani-vasi-vodu-pred-necistotami\/","headline":"Kryc\u00ed plachta ochr\u00e1n\u00ed va\u0161i vodu p\u0159ed ne\u010distotami","url":"https:\/\/www.amos-ova.cz\/kryci-plachta-ochrani-vasi-vodu-pred-necistotami\/","datePublished":"2018-11-25","dateModified":"2023-04-29","mainEntityOfPage":"https:\/\/www.amos-ova.cz\/kryci-plachta-ochrani-vasi-vodu-pred-necistotami\/","author":{"@type":"Person","@id":"https:\/\/www.amos-ova.cz\/author\/#Person","name":"amos-ova.cz\n","url":"https:\/\/www.amos-ova.cz\/author\/","identifier":1,"image":{"@type":"ImageObject","@id":"https:\/\/secure.gravatar.com\/avatar\/4b051168bd2ace843d503d3432ebc4a96ac13303845197b3f2a2634cb21029f6?s=96&d=mm&r=g","url":"https:\/\/secure.gravatar.com\/avatar\/4b051168bd2ace843d503d3432ebc4a96ac13303845197b3f2a2634cb21029f6?s=96&d=mm&r=g","height":96,"width":96}},"publisher":{"@type":"Organization","name":"amos-ova.cz","logo":{"@type":"ImageObject","@id":"\/logo.png","url":"\/logo.png","width":600,"height":60}},"image":{"@type":"ImageObject","@id":"https:\/\/www.amos-ova.cz\/wp-content\/uploads\/img_a331959_w1752_t1544445640.jpg","url":"https:\/\/www.amos-ova.cz\/wp-content\/uploads\/img_a331959_w1752_t1544445640.jpg","height":0,"width":0},"keywords":null}]}