[{"@context":"https:\/\/schema.org\/","@type":"Article","@id":"https:\/\/www.amos-ova.cz\/zvirata-a-cestovani-do-zahranici\/#Article","mainEntityOfPage":"https:\/\/www.amos-ova.cz\/zvirata-a-cestovani-do-zahranici\/","headline":"Zv\u00ed\u0159ata a cestov\u00e1n\u00ed do zahrani\u010d\u00ed","name":"Zv\u00ed\u0159ata a cestov\u00e1n\u00ed do zahrani\u010d\u00ed","description":"Pl\u00e1nujete dovolenou plnou spln\u011bn\u00fdch sn\u016f a p\u0159\u00e1n\u00ed? U\u017e se vid\u00edte na pl\u00e1\u017ei, pr\u016fzra\u010dn\u011b modr\u00e9 mo\u0159e v\u00e1m p\u0159\u00edjemn\u011b olizuje kotn\u00edky a slun\u00ed\u010dko n\u00e1dhern\u011b h\u0159eje do zad. Ano, \u010dek\u00e1 v\u00e1s opravdu skv\u011bl\u00fd odpo\u010dinek. Co ale s\u00a0va\u0161\u00edm dom\u00e1c\u00edm mazl\u00ed\u010dkem? P\u0159eci ho nenech\u00e1te doma babi\u010dce na hl\u00edd\u00e1n\u00ed. Dnes v\u011bt\u0161inou nen\u00ed probl\u00e9m br\u00e1t si zv\u00ed\u0159\u00e1tka sebou do zahrani\u010d\u00ed. Nesm\u00edte v\u0161ak [&hellip;]","datePublished":"2023-04-29","dateModified":"2023-04-29","author":{"@type":"Person","@id":"https:\/\/www.amos-ova.cz\/author\/#Person","name":"amos-ova.cz\n","url":"https:\/\/www.amos-ova.cz\/author\/","identifier":1,"image":{"@type":"ImageObject","@id":"https:\/\/secure.gravatar.com\/avatar\/4b051168bd2ace843d503d3432ebc4a96ac13303845197b3f2a2634cb21029f6?s=96&d=mm&r=g","url":"https:\/\/secure.gravatar.com\/avatar\/4b051168bd2ace843d503d3432ebc4a96ac13303845197b3f2a2634cb21029f6?s=96&d=mm&r=g","height":96,"width":96}},"publisher":{"@type":"Organization","name":"amos-ova.cz","logo":{"@type":"ImageObject","@id":"\/logo.png","url":"\/logo.png","width":600,"height":60}},"url":"https:\/\/www.amos-ova.cz\/zvirata-a-cestovani-do-zahranici\/","about":["Zv\u00ed\u0159ata"],"wordCount":506,"articleBody":"Pl\u00e1nujete dovolenou plnou spln\u011bn\u00fdch sn\u016f a p\u0159\u00e1n\u00ed? U\u017e se vid\u00edte na pl\u00e1\u017ei, pr\u016fzra\u010dn\u011b modr\u00e9 mo\u0159e v\u00e1m p\u0159\u00edjemn\u011b olizuje kotn\u00edky a slun\u00ed\u010dko n\u00e1dhern\u011b h\u0159eje do zad. Ano, \u010dek\u00e1 v\u00e1s opravdu skv\u011bl\u00fd odpo\u010dinek.Co ale s\u00a0va\u0161\u00edm dom\u00e1c\u00edm mazl\u00ed\u010dkem? P\u0159eci ho nenech\u00e1te doma babi\u010dce na hl\u00edd\u00e1n\u00ed. Dnes v\u011bt\u0161inou nen\u00ed probl\u00e9m br\u00e1t si zv\u00ed\u0159\u00e1tka sebou do zahrani\u010d\u00ed. Nesm\u00edte v\u0161ak zapomenout opat\u0159it jim v\u0161echny nezbytn\u00e9 dokumenty pot\u0159ebn\u00e9 k\u00a0vycestov\u00e1n\u00ed.Cestov\u00e1n\u00ed se zv\u00ed\u0159aty po zem\u00edch EU nen\u00ed nijak slo\u017eit\u00e9 a ve\u0161ker\u00e9 pot\u0159ebn\u00e9 po\u017eadavky lze opat\u0159it v\u00a0celkem kr\u00e1tk\u00e9 dob\u011b. Cestov\u00e1n\u00ed mimo zem\u011b EU je ji\u017e slo\u017eit\u011bj\u0161\u00ed a je pot\u0159eba za\u010d\u00edt v\u0161e pot\u0159ebn\u00e9 vy\u0159izovat minim\u00e1ln\u011b p\u016fl roku p\u0159ed odjezdem.CO JE POT\u0158EBA ZAJISTIT P\u0158ED ODJEZDEMCESTOV\u00c1N\u00cd SE ZV\u00cd\u0158ATY V\u00a0ZEM\u00cdCH EU\u00a7\u00a0 Ka\u017ed\u00e9 zv\u00ed\u0159e mus\u00ed b\u00fdt ozna\u010deno mikro\u010dipem. Toto ozna\u010den\u00ed prov\u00e1d\u00ed veterin\u00e1rn\u00ed l\u00e9ka\u0159. Zv\u00ed\u0159ata mus\u00ed b\u00fdt ozna\u010dena mikro\u010dipem je\u0161t\u011b p\u0159ed o\u010dkov\u00e1n\u00edm proti vzteklin\u011b a p\u0159ed vyd\u00e1n\u00edm pasu.\u00a7\u00a0 Ka\u017ed\u00e9 zv\u00ed\u0159e mus\u00ed m\u00edt platn\u00fdpas. Pas je jednotn\u00fd doklad, kter\u00fd plat\u00ed ve v\u0161ech st\u00e1tech EU. Je ozna\u010den k\u00f3dem zem\u011b a po\u0159adov\u00fdm \u010d\u00edslem. Pas v\u00e1m vystav\u00ed veterin\u00e1rn\u00ed l\u00e9ka\u0159.\u00a7\u00a0 Zv\u00ed\u0159ata je nutn\u00e9 o\u010dkovat proti vzteklin\u011b, a to od t\u0159\u00ed m\u011bs\u00edc\u016f st\u00e1\u0159\u00ed zv\u00ed\u0159ete.\u00a7\u00a0 Nechte zv\u00ed\u0159ata o\u0161et\u0159it proti echinokok\u00f3ze (od\u010derven\u00ed). Toto o\u0161et\u0159en\u00ed mus\u00ed b\u00fdt zaznamen\u00e1no v\u00a0pase zv\u00ed\u0159ete, zapisuje se datum, hodina o\u0161et\u0159en\u00ed, n\u00e1zev p\u0159\u00edpravku, v\u00fdrobce a podan\u00e1 l\u00e1tka.Pokud m\u00e1te zv\u00ed\u0159\u00e1tko mlad\u0161\u00ed ne\u017e t\u0159i m\u011bs\u00edce, nesm\u00edte s\u00a0n\u00edm vycestovat do t\u011bchto st\u00e1t\u016f:\u00d8\u00a0 Polsko\u00d8\u00a0 It\u00e1lie\u00d8\u00a0 Francie\u00d8\u00a0 \u0160pan\u011blsko\u00d8\u00a0 \u0160v\u00e9dsko\u00d8\u00a0 KyprDo ostatn\u00edch \u010dlensk\u00fdch st\u00e1t\u016f m\u016f\u017eete s\u00a0ml\u00e1\u010faty mlad\u0161\u00edmi t\u0159\u00ed m\u011bs\u00edc\u016f, kter\u00e1 nejsou o\u010dkov\u00e1na proti vzteklin\u011b, cestovat jen tehdy, pokud maj\u00ed sv\u016fj pas, a od narozen\u00ed nep\u0159i\u0161la do styku s\u00a0voln\u011b \u017eij\u00edc\u00edmi zv\u00ed\u0159aty, nebo pokud jsou prov\u00e1zena matkou, na kter\u00e9 jsou z\u00e1visl\u00e1.CESTOV\u00c1N\u00cd SE ZV\u00cd\u0158ATY MIMO \u00daZEM\u00cd EUCestov\u00e1n\u00ed s\u00a0dom\u00e1c\u00edm mazl\u00ed\u010dkem mimo zem\u011b EU je slo\u017eit\u011bj\u0161\u00ed. Pro to, abyste mohli vycestovat, mus\u00ed b\u00fdt spln\u011bny podm\u00ednky konkr\u00e9tn\u00ed t\u0159et\u00ed zem\u011b. Aktu\u00e1ln\u00ed podm\u00ednky pro v\u00fdvoz si mus\u00ed v\u017edy zajistit osoba, kter\u00e1 zv\u00ed\u0159e doprov\u00e1z\u00ed.Nezapome\u0148te si p\u0159ed odjezdem opat\u0159it v\u0161echna pot\u0159ebn\u00e1 potvrzen\u00ed, jinak v\u00e1m hroz\u00ed pokuta.P\u0159ejeme v\u00e1m i va\u0161emu \u010dty\u0159noh\u00e9mu kamar\u00e1dovi \u0161\u0165astnou cestu!                                                                                                                                                                                                                                                                                                                                                                                        4.7\/5 - (8 votes)        "},{"@context":"https:\/\/schema.org\/","@type":"BreadcrumbList","itemListElement":[{"@type":"ListItem","position":1,"name":"Zv\u00ed\u0159ata a cestov\u00e1n\u00ed do zahrani\u010d\u00ed","item":"https:\/\/www.amos-ova.cz\/zvirata-a-cestovani-do-zahranici\/#breadcrumbitem"}]}]