{"@context":"https:\/\/schema.org\/","@type":"CollectionPage","@id":"https:\/\/www.amos-ova.cz\/zdravi\/#CollectionPage","headline":"Zdrav\u00ed Category","description":"","url":"https:\/\/www.amos-ova.cz\/zdravi\/","hasPart":[{"@type":"Article","@id":"https:\/\/www.amos-ova.cz\/kurkuma-aneb-zazracne-koreni-zlute-jako-slunce\/","headline":"Kurkuma aneb z\u00e1zra\u010dn\u00e9 ko\u0159en\u00ed \u017elut\u00e9 jako slunce","url":"https:\/\/www.amos-ova.cz\/kurkuma-aneb-zazracne-koreni-zlute-jako-slunce\/","datePublished":"2025-03-05","dateModified":"2023-04-29","mainEntityOfPage":"https:\/\/www.amos-ova.cz\/kurkuma-aneb-zazracne-koreni-zlute-jako-slunce\/","author":{"@type":"Person","@id":"https:\/\/www.amos-ova.cz\/author\/#Person","name":"amos-ova.cz\n","url":"https:\/\/www.amos-ova.cz\/author\/","identifier":1,"image":{"@type":"ImageObject","@id":"https:\/\/secure.gravatar.com\/avatar\/4b051168bd2ace843d503d3432ebc4a96ac13303845197b3f2a2634cb21029f6?s=96&d=mm&r=g","url":"https:\/\/secure.gravatar.com\/avatar\/4b051168bd2ace843d503d3432ebc4a96ac13303845197b3f2a2634cb21029f6?s=96&d=mm&r=g","height":96,"width":96}},"publisher":{"@type":"Organization","name":"amos-ova.cz","logo":{"@type":"ImageObject","@id":"\/logo.png","url":"\/logo.png","width":600,"height":60}},"image":{"@type":"ImageObject","@id":"https:\/\/www.amos-ova.cz\/wp-content\/uploads\/img_a306790_w1894_t1518004836.jpg","url":"https:\/\/www.amos-ova.cz\/wp-content\/uploads\/img_a306790_w1894_t1518004836.jpg","height":0,"width":0},"keywords":null},{"@type":"Article","@id":"https:\/\/www.amos-ova.cz\/zazrak-jmenem-brusinky\/","headline":"Z\u00e1zrak jm\u00e9nem brusinky","url":"https:\/\/www.amos-ova.cz\/zazrak-jmenem-brusinky\/","datePublished":"2025-03-03","dateModified":"2023-04-29","mainEntityOfPage":"https:\/\/www.amos-ova.cz\/zazrak-jmenem-brusinky\/","author":{"@type":"Person","@id":"https:\/\/www.amos-ova.cz\/author\/#Person","name":"amos-ova.cz\n","url":"https:\/\/www.amos-ova.cz\/author\/","identifier":1,"image":{"@type":"ImageObject","@id":"https:\/\/secure.gravatar.com\/avatar\/4b051168bd2ace843d503d3432ebc4a96ac13303845197b3f2a2634cb21029f6?s=96&d=mm&r=g","url":"https:\/\/secure.gravatar.com\/avatar\/4b051168bd2ace843d503d3432ebc4a96ac13303845197b3f2a2634cb21029f6?s=96&d=mm&r=g","height":96,"width":96}},"publisher":{"@type":"Organization","name":"amos-ova.cz","logo":{"@type":"ImageObject","@id":"\/logo.png","url":"\/logo.png","width":600,"height":60}},"image":{"@type":"ImageObject","@id":"https:\/\/www.amos-ova.cz\/wp-content\/uploads\/img_a338961_w1894_t1552078566.jpg","url":"https:\/\/www.amos-ova.cz\/wp-content\/uploads\/img_a338961_w1894_t1552078566.jpg","height":0,"width":0},"keywords":null},{"@type":"Article","@id":"https:\/\/www.amos-ova.cz\/staci-vedet-kde-hledat\/","headline":"Sta\u010d\u00ed v\u011bd\u011bt, kde hledat","url":"https:\/\/www.amos-ova.cz\/staci-vedet-kde-hledat\/","datePublished":"2023-06-26","dateModified":"2023-06-26","mainEntityOfPage":"https:\/\/www.amos-ova.cz\/staci-vedet-kde-hledat\/","author":{"@type":"Person","@id":"https:\/\/www.amos-ova.cz\/author\/#Person","name":"amos-ova.cz\n","url":"https:\/\/www.amos-ova.cz\/author\/","identifier":1,"image":{"@type":"ImageObject","@id":"https:\/\/secure.gravatar.com\/avatar\/4b051168bd2ace843d503d3432ebc4a96ac13303845197b3f2a2634cb21029f6?s=96&d=mm&r=g","url":"https:\/\/secure.gravatar.com\/avatar\/4b051168bd2ace843d503d3432ebc4a96ac13303845197b3f2a2634cb21029f6?s=96&d=mm&r=g","height":96,"width":96}},"publisher":{"@type":"Organization","name":"amos-ova.cz","logo":{"@type":"ImageObject","@id":"\/logo.png","url":"\/logo.png","width":600,"height":60}},"image":null,"keywords":null},{"@type":"Article","@id":"https:\/\/www.amos-ova.cz\/bojujeme-proti-ryme\/","headline":"Bojujeme proti r\u00fdm\u011b","url":"https:\/\/www.amos-ova.cz\/bojujeme-proti-ryme\/","datePublished":"2023-04-29","dateModified":"2023-04-29","mainEntityOfPage":"https:\/\/www.amos-ova.cz\/bojujeme-proti-ryme\/","author":{"@type":"Person","@id":"https:\/\/www.amos-ova.cz\/author\/#Person","name":"amos-ova.cz\n","url":"https:\/\/www.amos-ova.cz\/author\/","identifier":1,"image":{"@type":"ImageObject","@id":"https:\/\/secure.gravatar.com\/avatar\/4b051168bd2ace843d503d3432ebc4a96ac13303845197b3f2a2634cb21029f6?s=96&d=mm&r=g","url":"https:\/\/secure.gravatar.com\/avatar\/4b051168bd2ace843d503d3432ebc4a96ac13303845197b3f2a2634cb21029f6?s=96&d=mm&r=g","height":96,"width":96}},"publisher":{"@type":"Organization","name":"amos-ova.cz","logo":{"@type":"ImageObject","@id":"\/logo.png","url":"\/logo.png","width":600,"height":60}},"image":null,"keywords":null},{"@type":"Article","@id":"https:\/\/www.amos-ova.cz\/domovy-se-zvlastnim-rezimem-jsou-profesionalni-instituce\/","headline":"Domovy se zvl\u00e1\u0161tn\u00edm re\u017eimem jsou profesion\u00e1ln\u00ed instituce","url":"https:\/\/www.amos-ova.cz\/domovy-se-zvlastnim-rezimem-jsou-profesionalni-instituce\/","datePublished":"2023-04-29","dateModified":"2023-04-29","mainEntityOfPage":"https:\/\/www.amos-ova.cz\/domovy-se-zvlastnim-rezimem-jsou-profesionalni-instituce\/","author":{"@type":"Person","@id":"https:\/\/www.amos-ova.cz\/author\/#Person","name":"amos-ova.cz\n","url":"https:\/\/www.amos-ova.cz\/author\/","identifier":1,"image":{"@type":"ImageObject","@id":"https:\/\/secure.gravatar.com\/avatar\/4b051168bd2ace843d503d3432ebc4a96ac13303845197b3f2a2634cb21029f6?s=96&d=mm&r=g","url":"https:\/\/secure.gravatar.com\/avatar\/4b051168bd2ace843d503d3432ebc4a96ac13303845197b3f2a2634cb21029f6?s=96&d=mm&r=g","height":96,"width":96}},"publisher":{"@type":"Organization","name":"amos-ova.cz","logo":{"@type":"ImageObject","@id":"\/logo.png","url":"\/logo.png","width":600,"height":60}},"image":null,"keywords":null},{"@type":"Article","@id":"https:\/\/www.amos-ova.cz\/celer-nejen-jako-leciva-potravina\/","headline":"Celer nejen jako l\u00e9\u010div\u00e1 potravina","url":"https:\/\/www.amos-ova.cz\/celer-nejen-jako-leciva-potravina\/","datePublished":"2023-04-29","dateModified":"2023-04-29","mainEntityOfPage":"https:\/\/www.amos-ova.cz\/celer-nejen-jako-leciva-potravina\/","author":{"@type":"Person","@id":"https:\/\/www.amos-ova.cz\/author\/#Person","name":"amos-ova.cz\n","url":"https:\/\/www.amos-ova.cz\/author\/","identifier":1,"image":{"@type":"ImageObject","@id":"https:\/\/secure.gravatar.com\/avatar\/4b051168bd2ace843d503d3432ebc4a96ac13303845197b3f2a2634cb21029f6?s=96&d=mm&r=g","url":"https:\/\/secure.gravatar.com\/avatar\/4b051168bd2ace843d503d3432ebc4a96ac13303845197b3f2a2634cb21029f6?s=96&d=mm&r=g","height":96,"width":96}},"publisher":{"@type":"Organization","name":"amos-ova.cz","logo":{"@type":"ImageObject","@id":"\/logo.png","url":"\/logo.png","width":600,"height":60}},"image":null,"keywords":null},{"@type":"Article","@id":"https:\/\/www.amos-ova.cz\/nase-chodidla-a-jejich-stesky\/","headline":"Na\u0161e chodidla a jejich stesky","url":"https:\/\/www.amos-ova.cz\/nase-chodidla-a-jejich-stesky\/","datePublished":"2023-04-29","dateModified":"2023-04-29","mainEntityOfPage":"https:\/\/www.amos-ova.cz\/nase-chodidla-a-jejich-stesky\/","author":{"@type":"Person","@id":"https:\/\/www.amos-ova.cz\/author\/#Person","name":"amos-ova.cz\n","url":"https:\/\/www.amos-ova.cz\/author\/","identifier":1,"image":{"@type":"ImageObject","@id":"https:\/\/secure.gravatar.com\/avatar\/4b051168bd2ace843d503d3432ebc4a96ac13303845197b3f2a2634cb21029f6?s=96&d=mm&r=g","url":"https:\/\/secure.gravatar.com\/avatar\/4b051168bd2ace843d503d3432ebc4a96ac13303845197b3f2a2634cb21029f6?s=96&d=mm&r=g","height":96,"width":96}},"publisher":{"@type":"Organization","name":"amos-ova.cz","logo":{"@type":"ImageObject","@id":"\/logo.png","url":"\/logo.png","width":600,"height":60}},"image":null,"keywords":null},{"@type":"Article","@id":"https:\/\/www.amos-ova.cz\/pycha-a-pad-potravin-z-polska\/","headline":"P\u00fdcha a p\u00e1d potravin z Polska","url":"https:\/\/www.amos-ova.cz\/pycha-a-pad-potravin-z-polska\/","datePublished":"2023-04-29","dateModified":"2023-04-29","mainEntityOfPage":"https:\/\/www.amos-ova.cz\/pycha-a-pad-potravin-z-polska\/","author":{"@type":"Person","@id":"https:\/\/www.amos-ova.cz\/author\/#Person","name":"amos-ova.cz\n","url":"https:\/\/www.amos-ova.cz\/author\/","identifier":1,"image":{"@type":"ImageObject","@id":"https:\/\/secure.gravatar.com\/avatar\/4b051168bd2ace843d503d3432ebc4a96ac13303845197b3f2a2634cb21029f6?s=96&d=mm&r=g","url":"https:\/\/secure.gravatar.com\/avatar\/4b051168bd2ace843d503d3432ebc4a96ac13303845197b3f2a2634cb21029f6?s=96&d=mm&r=g","height":96,"width":96}},"publisher":{"@type":"Organization","name":"amos-ova.cz","logo":{"@type":"ImageObject","@id":"\/logo.png","url":"\/logo.png","width":600,"height":60}},"image":null,"keywords":null},{"@type":"Article","@id":"https:\/\/www.amos-ova.cz\/jak-na-kvalitni-spanek\/","headline":"Jak na kvalitn\u00ed sp\u00e1nek","url":"https:\/\/www.amos-ova.cz\/jak-na-kvalitni-spanek\/","datePublished":"2018-12-22","dateModified":"2023-04-29","mainEntityOfPage":"https:\/\/www.amos-ova.cz\/jak-na-kvalitni-spanek\/","author":{"@type":"Person","@id":"https:\/\/www.amos-ova.cz\/author\/#Person","name":"amos-ova.cz\n","url":"https:\/\/www.amos-ova.cz\/author\/","identifier":1,"image":{"@type":"ImageObject","@id":"https:\/\/secure.gravatar.com\/avatar\/4b051168bd2ace843d503d3432ebc4a96ac13303845197b3f2a2634cb21029f6?s=96&d=mm&r=g","url":"https:\/\/secure.gravatar.com\/avatar\/4b051168bd2ace843d503d3432ebc4a96ac13303845197b3f2a2634cb21029f6?s=96&d=mm&r=g","height":96,"width":96}},"publisher":{"@type":"Organization","name":"amos-ova.cz","logo":{"@type":"ImageObject","@id":"\/logo.png","url":"\/logo.png","width":600,"height":60}},"image":{"@type":"ImageObject","@id":"https:\/\/www.amos-ova.cz\/wp-content\/uploads\/img_a332513_w1894_t1545311221.jpg","url":"https:\/\/www.amos-ova.cz\/wp-content\/uploads\/img_a332513_w1894_t1545311221.jpg","height":0,"width":0},"keywords":null}]}