[{"@context":"https:\/\/schema.org\/","@type":"Article","@id":"https:\/\/www.amos-ova.cz\/vytvorte-si-dokonaly-make-up\/#Article","mainEntityOfPage":"https:\/\/www.amos-ova.cz\/vytvorte-si-dokonaly-make-up\/","headline":"Vytvo\u0159te si dokonal\u00fd make-up!","name":"Vytvo\u0159te si dokonal\u00fd make-up!","description":"Abyste m\u011bli kr\u00e1sn\u00fd obli\u010dej nejen v l\u00e9t\u011b, kdy\u017e sv\u00edt\u00ed slun\u00ed\u010dko a na\u0161e ple\u0165 b\u00fdv\u00e1 p\u0159irozen\u011b kr\u00e1sn\u011bj\u0161\u00ed, je pot\u0159eba v\u011bd\u011bt, jak spr\u00e1vn\u011b dokonal\u00fd make-up vytvo\u0159it na podzim i v zim\u011b! Tak\u017ee poj\u010fme na to! \u010ci\u0161t\u011bn\u00ed je z\u00e1klad Ne\u017e v\u016fbec za\u010dneme \u0159e\u0161it n\u00e1\u0161 make-up, je pot\u0159eba m\u00edt kr\u00e1sn\u011b a dokonale vy\u010di\u0161t\u011bnou ple\u0165. Ide\u00e1ln\u011b samoz\u0159ejm\u011b, pokud vy\u010dist\u00edte ple\u0165 [&hellip;]","datePublished":"2025-03-06","dateModified":"2023-04-29","author":{"@type":"Person","@id":"https:\/\/www.amos-ova.cz\/author\/#Person","name":"amos-ova.cz\n","url":"https:\/\/www.amos-ova.cz\/author\/","identifier":1,"image":{"@type":"ImageObject","@id":"https:\/\/secure.gravatar.com\/avatar\/4b051168bd2ace843d503d3432ebc4a96ac13303845197b3f2a2634cb21029f6?s=96&d=mm&r=g","url":"https:\/\/secure.gravatar.com\/avatar\/4b051168bd2ace843d503d3432ebc4a96ac13303845197b3f2a2634cb21029f6?s=96&d=mm&r=g","height":96,"width":96}},"publisher":{"@type":"Organization","name":"amos-ova.cz","logo":{"@type":"ImageObject","@id":"\/logo.png","url":"\/logo.png","width":600,"height":60}},"image":{"@type":"ImageObject","@id":"https:\/\/www.amos-ova.cz\/wp-content\/uploads\/img_a300070_w1894_t1510153278.jpg","url":"https:\/\/www.amos-ova.cz\/wp-content\/uploads\/img_a300070_w1894_t1510153278.jpg","height":0,"width":0},"url":"https:\/\/www.amos-ova.cz\/vytvorte-si-dokonaly-make-up\/","about":["\u017divotn\u00ed styl"],"wordCount":576,"articleBody":" Abyste m\u011bli kr\u00e1sn\u00fd obli\u010dej nejen v l\u00e9t\u011b, kdy\u017e sv\u00edt\u00ed slun\u00ed\u010dko a na\u0161e ple\u0165 b\u00fdv\u00e1 p\u0159irozen\u011b kr\u00e1sn\u011bj\u0161\u00ed, je pot\u0159eba v\u011bd\u011bt, jak spr\u00e1vn\u011b dokonal\u00fd make-up vytvo\u0159it na podzim i v zim\u011b! Tak\u017ee poj\u010fme na to! \u010ci\u0161t\u011bn\u00ed je z\u00e1klad Ne\u017e v\u016fbec za\u010dneme \u0159e\u0161it n\u00e1\u0161 make-up, je pot\u0159eba m\u00edt kr\u00e1sn\u011b a dokonale vy\u010di\u0161t\u011bnou ple\u0165. Ide\u00e1ln\u011b samoz\u0159ejm\u011b, pokud vy\u010dist\u00edte ple\u0165 podle typu va\u0161\u00ed pleti, kart\u00e1\u010dkem k tomu ur\u010den\u00fdm a opravdu dokonale. Pokud opravdu jdete na d\u016fle\u017eitou ud\u00e1lost, ur\u010dit\u011b pou\u017eijte i peeling. Nikdy nezapom\u00ednejte na ple\u0165ov\u00e9 vody, kter\u00e9 va\u0161\u00ed ple\u0165 p\u0159ed dal\u0161\u00edmi kroky maj\u00ed tonizovat a p\u0159ipravit! Dokonal\u00e1 hydratace Tou\u017e\u00edte-li po kr\u00e1sn\u00e9m obli\u010deji, je pot\u0159eba m\u00edt opravdu n\u00e1dhern\u011b hydratovanou ple\u0165. Pokud budete m\u00edt obli\u010dej pln\u00fd such\u00fdch m\u00edst, v\u011b\u0159te, \u017ee make-upem to nezachr\u00e1n\u00edte. Tedy obli\u010dej dokonale a spr\u00e1vn\u00fdm kr\u00e9mem namazat, tak\u00e9 nezapomenout na okol\u00ed o\u010d\u00ed a rty! Pokud m\u00e1te poko\u017eku ji\u017e zralej\u0161\u00ed, ur\u010dit\u011b neopom\u00edjejte tak\u00e9 s\u00e9ra. Spr\u00e1vn\u00fd odst\u00edn a typ Po vst\u0159eb\u00e1n\u00ed v\u0161ech hydrata\u010dn\u00edch kr\u00e9m\u016f, s\u00e9r, balz\u00e1m\u016f a dal\u0161\u00edch produkt\u016f ur\u010den\u00fdch pro v\u00e1\u0161 typ pleti, naneste opravdu kvalitn\u00ed make-up. V\u017edy dbejte na to, aby odst\u00edn ladil s va\u0161\u00ed k\u016f\u017e\u00ed. Nesm\u00ed b\u00fdt vid\u011bt rozd\u00edl mezi obli\u010dejem a krkem, jinak budete sp\u00ed\u0161e pro sm\u00edch, ne\u017e pro obdiv! Tedy dejte si pozor na v\u00fdb\u011br \u010di m\u00edch\u00e1n\u00ed barvy make-upu, ale tak\u00e9 pudru. Nezapome\u0148te nikdy make-up zafixovat kvalitn\u00edm a jemn\u011b mlet\u00fdm transparentn\u00edm pudrem. Hlavn\u011b v okol\u00ed o\u010d\u00ed. Pokud u\u017e m\u00e1te kruhy pod o\u010dima a nap\u0159\u00edklad akn\u00e9 \u010di drobn\u00e9 jizvi\u010dky a podobn\u00e9 nedokonalosti, v\u017edy pou\u017e\u00edvejte korektor, kter\u00fd bude ladit s barvou make-upu \u010di bude o odst\u00edn sv\u011btlej\u0161\u00ed. Ten mus\u00edte v\u017edy zafixovat pudrem, jinak by se v\u0161e svezlo b\u011bhem p\u00e1r chvilek pry\u010d z dan\u00e9ho m\u00edsta. R\u016f\u017e, bronzer a rozjasn\u011bn\u00ed pleti Pokud jste spr\u00e1vn\u011b nanesli make-up a pudr, m\u016f\u017ee se v\u00e1m zd\u00e1t, \u017ee vypad\u00e1te tro\u0161ku placat\u011b. A je tomu jisto jist\u011b tak. V\u0161echny nejasnosti a barevn\u00e9 nedokonalosti jsme zakryli pomoc\u00ed kryc\u00edch prvk\u016f, jako je make-up a pudr a nyn\u00ed je pot\u0159eba do obli\u010deje vr\u00e1tit p\u0159irozen\u00e9 barvy. Tedy kr\u00e1sn\u00e9 odst\u00edny tv\u00e1\u0159enky opatrn\u011b naneste na l\u00ed\u010dka a to p\u0159esn\u011b tam, kde m\u00e1te tak zvan\u00e1 \u201cjabl\u00ed\u010dka\u201d. Konturovac\u00ed bronzer naneste do m\u00edst, na kter\u00e1 p\u0159irozen\u011b dopad\u00e1 st\u00edn a t\u00edm zv\u00fdrazn\u011bte va\u0161e p\u0159irozen\u00e9 linie obli\u010deje. M\u016f\u017eete i tro\u0161ku opticky obli\u010dej upravit. Pokud se chyst\u00e1te na slavnost\u00ed ud\u00e1lost, rozhodn\u011b nesm\u00ed chyb\u011bt na l\u00edcn\u00edch kostech rozjasn\u011bn\u00ed v podob\u011b vhodn\u00e9ho t\u0159pytu v pudru!Zbytek krok\u016f je v\u0161em zn\u00e1m\u00fd. Naneseme st\u00edny, zv\u00fdrazn\u00edme \u0159asy a obt\u00e1hneme rty vhodnou rt\u011bnkou. V\u0161echny tyto kroky v\u0161ak nebudou k ni\u010demu zvl\u00e1\u0161tn\u00edmu, pokud nebudeme m\u00edt dokonale p\u0159ipraven\u00fd tak zvan\u00fd z\u00e1klad, tedy v\u00fd\u0161e uveden\u00e9 kroky!                                                                                                                                                                                                                                                                                                                                                                                        3.9\/5 - (8 votes)        "},{"@context":"https:\/\/schema.org\/","@type":"BreadcrumbList","itemListElement":[{"@type":"ListItem","position":1,"name":"Vytvo\u0159te si dokonal\u00fd make-up!","item":"https:\/\/www.amos-ova.cz\/vytvorte-si-dokonaly-make-up\/#breadcrumbitem"}]}]