[{"@context":"https:\/\/schema.org\/","@type":"Article","@id":"https:\/\/www.amos-ova.cz\/velmi-praktickym-peknym-i-ochrannym-prostredkem-k-zajisteni-proti-slunecnim-paprskum\/#Article","mainEntityOfPage":"https:\/\/www.amos-ova.cz\/velmi-praktickym-peknym-i-ochrannym-prostredkem-k-zajisteni-proti-slunecnim-paprskum\/","headline":"Velmi praktick\u00fdm, p\u011bkn\u00fdm i ochrann\u00fdm prost\u0159edkem k zaji\u0161t\u011bn\u00ed proti slune\u010dn\u00edm paprsk\u016fm","name":"Velmi praktick\u00fdm, p\u011bkn\u00fdm i ochrann\u00fdm prost\u0159edkem k zaji\u0161t\u011bn\u00ed proti slune\u010dn\u00edm paprsk\u016fm","description":"Jejich role spo\u010d\u00edv\u00e1 v ochran\u011b p\u0159ed de\u0161t\u011bm, ale tak\u00e9 p\u0159ed dot\u011brn\u00fdmi paprsky a UV z\u00e1\u0159en\u00edm v letn\u00edch m\u011bs\u00edc\u00edch. Jejich st\u00edn\u011bn\u00ed je pr\u00e1v\u011b t\u00edm, co uv\u00edt\u00e1te p\u0159i posezen\u00ed na terase nebo balkon\u011b va\u0161eho domu. D\u00edky tomuto l\u00e1tkov\u00e9mu p\u0159\u00edst\u0159e\u0161ku z\u00edsk\u00e1te pocit komfortu kdekoli, kde se chcete c\u00edtit pohodov\u011b v jak\u00e9mkoli po\u010das\u00ed. Samoz\u0159ejm\u011b je na trhu velk\u00e9 mno\u017estv\u00ed [&hellip;]","datePublished":"2023-04-29","dateModified":"2023-04-29","author":{"@type":"Person","@id":"https:\/\/www.amos-ova.cz\/author\/#Person","name":"amos-ova.cz\n","url":"https:\/\/www.amos-ova.cz\/author\/","identifier":1,"image":{"@type":"ImageObject","@id":"https:\/\/secure.gravatar.com\/avatar\/4b051168bd2ace843d503d3432ebc4a96ac13303845197b3f2a2634cb21029f6?s=96&d=mm&r=g","url":"https:\/\/secure.gravatar.com\/avatar\/4b051168bd2ace843d503d3432ebc4a96ac13303845197b3f2a2634cb21029f6?s=96&d=mm&r=g","height":96,"width":96}},"publisher":{"@type":"Organization","name":"amos-ova.cz","logo":{"@type":"ImageObject","@id":"\/logo.png","url":"\/logo.png","width":600,"height":60}},"url":"https:\/\/www.amos-ova.cz\/velmi-praktickym-peknym-i-ochrannym-prostredkem-k-zajisteni-proti-slunecnim-paprskum\/","about":["D\u016fm a zahrada"],"wordCount":430,"articleBody":"     Jejich role spo\u010d\u00edv\u00e1 v  ochran\u011b p\u0159ed de\u0161t\u011bm, ale tak\u00e9 p\u0159ed dot\u011brn\u00fdmi paprsky a UV z\u00e1\u0159en\u00edm v letn\u00edch m\u011bs\u00edc\u00edch. Jejich st\u00edn\u011bn\u00ed je pr\u00e1v\u011b t\u00edm, co uv\u00edt\u00e1te p\u0159i posezen\u00ed na terase nebo balkon\u011b va\u0161eho domu. D\u00edky tomuto l\u00e1tkov\u00e9mu p\u0159\u00edst\u0159e\u0161ku z\u00edsk\u00e1te pocit komfortu kdekoli, kde se chcete c\u00edtit pohodov\u011b v jak\u00e9mkoli po\u010das\u00ed.  Samoz\u0159ejm\u011b je na trhu velk\u00e9 mno\u017estv\u00ed r\u016fzn\u00fdch typ\u016f a rozm\u011br\u016f, mezi kter\u00fdmi si m\u016f\u017eete vybrat to prav\u00e9 pro v\u00e1\u0161 byt \u010di d\u016fm Mezi nab\u00edzen\u00e9typy pat\u0159\u00ed nap\u0159\u00edklad mark\u00fdzy: &#8211; Stobag \/ Sattler &#8211; Wo und WO &#8211; Bat \/ Sattler &#8211; Selt \/ Bat\/ Corti Typ Stobag \/ Sattler poch\u00e1z\u00ed od v\u00fdznamn\u00e9ho \u0161v\u00fdcarsk\u00e9ho v\u00fdrobce hlin\u00edkov\u00fdch konstrukc\u00ed Stobag a l\u00e1tkov\u00fd potah zajistila rakousk\u00e1 firma Sattler. Potahov\u00e1 tryskami barven\u00e1 akrylov\u00e1 l\u00e1tka zaji\u0161\u0165uje maxim\u00e1ln\u00ed komfort p\u0159i pou\u017e\u00edv\u00e1n\u00ed. Tento typ se vyr\u00e1b\u00ed se z\u00e1rukou 5 let. Typ Wo und Wo p\u0159in\u00e1\u0161\u00ed zaj\u00edmav\u00e9 komfortn\u00ed \u0159e\u0161en\u00ed za v\u00fdborn\u00e9 ceny. Vynik\u00e1 t\u00edm, \u017ee potah nen\u00ed \u0161it\u00fd, ale lepen\u00fd a zaji\u0161\u0165uje tak st\u00edn\u00edc\u00ed konstrukci p\u011bkn\u00fd a praktick\u00fd vzhled za v\u0161ech pov\u011btrnostn\u00edch podm\u00ednek. Tak\u00e9 stoj\u00ed jist\u011b za zm\u00ednku sedmilet\u00e1 z\u00e1ruka. V\u00fdsuvn\u00e9 mark\u00fdzyBat \/ Sattler jsou velmi \u0161ikovn\u00fdm \u0159e\u0161en\u00edm robustn\u00ed konstrukce a ide\u00e1ln\u00edm odoln\u00fdm slo\u017een\u00edm a tryskami barven\u00fdm potahem od firmy Sattler. Ovl\u00e1d\u00e1n\u00ed prob\u00edh\u00e1 pomoc\u00ed p\u0159evodovky a elektromotoru. Z\u00e1ruka na v\u00fdrobek je 5 let. Posledn\u00edm typem, kter\u00fd je v nab\u00eddce je Selt \/ Bat \/ Corti. Ide\u00e1ln\u00ed robustn\u00ed konstrukce s velkou \u0161k\u00e1lou barevn\u00fdch potahov\u00fdch l\u00e1tek od firmy Para nab\u00edz\u00ed z\u00e1kazn\u00edk\u016fm velmi p\u011bkn\u00e9 a praktick\u00e9 \u0159e\u0161en\u00ed hod\u00edc\u00ed se k rozli\u010dn\u00e9mu pou\u017eit\u00ed a ka\u017ed\u00e9mu typu stavby.  P\u0159i v\u00fdb\u011bru vhodn\u00e9ho l\u00e1tkov\u00e9ho zast\u0159e\u0161en\u00ed dejte p\u0159ednost konstruk\u010dn\u00edmu \u0159e\u0161en\u00ed a vhodn\u00e9mu typu, kter\u00fd bude praktick\u00fdm a funk\u010dn\u00edm dopl\u0148kem pro v\u00e1\u0161 d\u016fm, chatu, zahradu \u010di gar\u00e1\u017e. V\u00fdhodou je pevn\u00e9 \u0161ikovn\u00e9 \u0159e\u0161en\u00ed, kter\u00e9 je p\u0159ipraven\u00e9 svou konstrukc\u00ed k instalaci p\u0159esn\u011b tam, kam budete pot\u0159ebovat. Sta\u010d\u00ed vybrat vhodn\u00fd rozm\u011br a konstruk\u010dn\u00ed typ mark\u00fdzy, kter\u00fd bude vhodn\u011b korespondovat p\u0159esn\u011b s va\u0161imi p\u0159edstavami.                                                                                                                                                                                                                                                                                                                                                                                         3.7\/5 - (11 votes)        "},{"@context":"https:\/\/schema.org\/","@type":"BreadcrumbList","itemListElement":[{"@type":"ListItem","position":1,"name":"Velmi praktick\u00fdm, p\u011bkn\u00fdm i ochrann\u00fdm prost\u0159edkem k zaji\u0161t\u011bn\u00ed proti slune\u010dn\u00edm paprsk\u016fm","item":"https:\/\/www.amos-ova.cz\/velmi-praktickym-peknym-i-ochrannym-prostredkem-k-zajisteni-proti-slunecnim-paprskum\/#breadcrumbitem"}]}]