[{"@context":"https:\/\/schema.org\/","@type":"Article","@id":"https:\/\/www.amos-ova.cz\/stylove-auto\/#Article","mainEntityOfPage":"https:\/\/www.amos-ova.cz\/stylove-auto\/","headline":"Stylov\u00e9 auto","name":"Stylov\u00e9 auto","description":"Pokud tak\u00e9 m\u00e1te automobil, tak p\u0159edpokl\u00e1d\u00e1m, \u017ee tak\u00e9 ur\u010dit\u011b budete cht\u00edt, aby v\u00e1\u0161 automobil byl opravdu hodn\u011b v po\u0159\u00e1dku, aby v\u00e1\u0161 automobil vypadal p\u011bkn\u011b a aby se tak\u00e9 ka\u017ed\u00e9mu l\u00edbil a aby se l\u00edbil hlavn\u011b v\u00e1m. Proto jsou tak\u00e9 r\u016fzn\u00e9 firmy, kter\u00e9 v\u00e1m ud\u011blaj\u00ed opravdu kr\u00e1sn\u00fd automobil. M\u016f\u017eete ho dokonce i vytunit nebo tam d\u00e1t [&hellip;]","datePublished":"2025-10-12","dateModified":"2025-10-12","author":{"@type":"Person","@id":"https:\/\/www.amos-ova.cz\/author\/#Person","name":"amos-ova.cz\n","url":"https:\/\/www.amos-ova.cz\/author\/","identifier":1,"image":{"@type":"ImageObject","@id":"https:\/\/secure.gravatar.com\/avatar\/4b051168bd2ace843d503d3432ebc4a96ac13303845197b3f2a2634cb21029f6?s=96&d=mm&r=g","url":"https:\/\/secure.gravatar.com\/avatar\/4b051168bd2ace843d503d3432ebc4a96ac13303845197b3f2a2634cb21029f6?s=96&d=mm&r=g","height":96,"width":96}},"publisher":{"@type":"Organization","name":"amos-ova.cz","logo":{"@type":"ImageObject","@id":"\/logo.png","url":"\/logo.png","width":600,"height":60}},"image":{"@type":"ImageObject","@id":"https:\/\/www.amos-ova.cz\/wp-content\/uploads\/IMG_3734_1.jpeg","url":"https:\/\/www.amos-ova.cz\/wp-content\/uploads\/IMG_3734_1.jpeg","height":0,"width":0},"url":"https:\/\/www.amos-ova.cz\/stylove-auto\/","about":["N\u00e1kupy"],"wordCount":473,"articleBody":"      Pokud tak\u00e9 m\u00e1te automobil, tak p\u0159edpokl\u00e1d\u00e1m, \u017ee tak\u00e9 ur\u010dit\u011b budete cht\u00edt, aby v\u00e1\u0161 automobil byl opravdu hodn\u011b v po\u0159\u00e1dku, aby v\u00e1\u0161 automobil vypadal p\u011bkn\u011b a aby se tak\u00e9 ka\u017ed\u00e9mu l\u00edbil a aby se l\u00edbil hlavn\u011b v\u00e1m. Proto jsou tak\u00e9 r\u016fzn\u00e9 firmy, kter\u00e9 v\u00e1m ud\u011blaj\u00ed opravdu kr\u00e1sn\u00fd automobil. M\u016f\u017eete ho dokonce i vytunit nebo tam d\u00e1t t\u0159eba r\u016fzn\u00e9 samolepky nebo f\u00f3lie a tak podobn\u011b. Autof\u00f3lie v Brn\u011b https:\/\/www.autofolieds.cz\/ jsou samoz\u0159ejm\u011b nejlep\u0161\u00ed a tak\u00e9 to znamen\u00e1, \u017ee tyto autof\u00f3lie z Brna jsou nejvyhled\u00e1van\u011bj\u0161\u00ed. J\u00e1 je sama za sebe doporu\u010duji, proto\u017ee je v\u00e1m doma tak\u00e9 a jsem s nimi zat\u00edm opravdu maxim\u00e1ln\u011b spokojen\u00e1. Pokud i vy hled\u00e1te n\u011bco, co bude opravdu kvalitn\u00ed, a to se v\u00e1m bude l\u00edbit a bude se v\u00e1m to hodit, tak si mysl\u00edm, \u017ee pr\u00e1v\u011b tyto autof\u00f3lie budu opravdu v pro v\u00e1s to prav\u00e9 o\u0159echov\u00e9. Samoz\u0159ejm\u011b, \u017ee jsou i lid\u00e9, kte\u0159\u00ed se zaj\u00edmaj\u00ed o cenu a kolik bude st\u00e1t f\u00f3lie na automobil. \u0158eknu v\u00e1m, \u017ee cenn\u00e1 autof\u00f3li\u00ed na automobil je opravdu r\u016fzn\u00e1. Vy si m\u016f\u017eete vybrat. Tomu f\u00f3lii, kter\u00e1 bude levn\u011bj\u0161\u00ed, ale t\u0159eba tak\u00e9, kter\u00e1 bude dra\u017e\u0161\u00ed. Z\u00e1le\u017e\u00ed tak\u00e9 na tom, v jak\u00e9m servisu anebo od jak\u00e9 firmy tohle v\u0161echno m\u00e1te. N\u011bkter\u00e9 firmy jsou samoz\u0159ejm\u011b dra\u017e\u0161\u00ed. Ale tak\u00e9 z\u00e1le\u017e\u00ed na tom, \u017ee n\u011bkdy m\u016f\u017ee b\u00fdt n\u011bjak\u00e1 akce a v\u00e1s autof\u00f3lie vyjde opravdu levn\u011b a mysl\u00edm si, \u017ee v dne\u0161n\u00ed dob\u011b ka\u017ed\u00fd \u010dlov\u011bk chce u\u0161et\u0159it. A k \u010demu tyto autof\u00f3lie t\u0159eba jsou? Nap\u0159\u00edklad kdy\u017e t\u0159eba m\u00e1te \u0165ukl\u00e9 auto nebo rozbit\u00e9 \u010di po\u0161kr\u00e1ban\u00e9 auto. Potom se tak\u00e9 autof\u00f3lie d\u00e1vaj\u00ed t\u0159eba i na sklo, ale vid\u011bli jste, \u017ee t\u0159eba n\u011bjak\u00e9 ty tmav\u00e9 f\u00f3lie, zatem\u0148ovac\u00ed f\u00f3lie nem\u016f\u017eete d\u00e1vat \u00fapln\u011b na p\u0159edn\u00ed sklo. Tohle se policii ve v\u011bt\u0161in\u011b p\u0159\u00edpad\u016f v\u016fbec nel\u00edb\u00ed, tedy alespo\u0148 tohle zn\u00e1m j\u00e1. J\u00e1 sama jsem si \u0159ekla, \u017ee kdybych tak\u00e9 cht\u011bla u\u017e nov\u00e9 autof\u00f3lie, \u017ee rozhodn\u011b ho si zajedu do Brna, proto\u017ee tam jsem opravdu maxim\u00e1ln\u011b spokojen\u00e1 a moje kamar\u00e1dka tak\u00e9 moje kamar\u00e1dka \u0159\u00edk\u00e1, \u017ee kdybych cht\u011bla u\u017e tak\u00e9 nov\u00e9 autof\u00f3lie. \u017de pojede ur\u010dit\u011b do Brna, proto\u017ee tam je dobr\u00fd nejlep\u0161\u00ed. Nav\u00edc moje kamar\u00e1dka m\u00e9 \u0159\u00edkala, \u017ee chytila zrovna takovou perfektn\u00ed akci, kdy za to dala t\u00e9m\u011b\u0159 polovi\u010dn\u00ed cenu a mysl\u00edm si, \u017ee se to vyplat\u00ed.                                                                                                                                                                                                                                                                                                                                                                                           3\/5 - (2 votes)        "},{"@context":"https:\/\/schema.org\/","@type":"BreadcrumbList","itemListElement":[{"@type":"ListItem","position":1,"name":"Stylov\u00e9 auto","item":"https:\/\/www.amos-ova.cz\/stylove-auto\/#breadcrumbitem"}]}]