[{"@context":"https:\/\/schema.org\/","@type":"Article","@id":"https:\/\/www.amos-ova.cz\/stehovani-kdekoli\/#Article","mainEntityOfPage":"https:\/\/www.amos-ova.cz\/stehovani-kdekoli\/","headline":"St\u011bhov\u00e1n\u00ed kdekoli","name":"St\u011bhov\u00e1n\u00ed kdekoli","description":"Je jedno, jestli Praha, nebo Brno, v\u0161ude \u017eij\u00ed lid\u00e9 se sv\u00fdmi ka\u017edodenn\u00edmi probl\u00e9my a starostmi. Nebudeme si nalh\u00e1vat, \u017ee zm\u011bnit adresu pat\u0159\u00ed k t\u011bm v\u00edce atraktivn\u00edm z\u00e1le\u017eitostem, tedy alespo\u0148 pro v\u011bt\u0161inu z n\u00e1s. Pokud p\u0159eci jen dojde k l\u00e1m\u00e1n\u00ed pomysln\u00e9ho chleba a st\u011bhovat se prost\u011b mus\u00edme, je pot\u0159eba zv\u00e1\u017eit a stanovit priority. Chceme \u0159e\u0161it celou [&hellip;]","datePublished":"2019-10-03","dateModified":"2023-04-29","author":{"@type":"Person","@id":"https:\/\/www.amos-ova.cz\/author\/#Person","name":"amos-ova.cz\n","url":"https:\/\/www.amos-ova.cz\/author\/","identifier":1,"image":{"@type":"ImageObject","@id":"https:\/\/secure.gravatar.com\/avatar\/4b051168bd2ace843d503d3432ebc4a96ac13303845197b3f2a2634cb21029f6?s=96&d=mm&r=g","url":"https:\/\/secure.gravatar.com\/avatar\/4b051168bd2ace843d503d3432ebc4a96ac13303845197b3f2a2634cb21029f6?s=96&d=mm&r=g","height":96,"width":96}},"publisher":{"@type":"Organization","name":"amos-ova.cz","logo":{"@type":"ImageObject","@id":"\/logo.png","url":"\/logo.png","width":600,"height":60}},"image":{"@type":"ImageObject","@id":"https:\/\/www.amos-ova.cz\/wp-content\/uploads\/img_a369380_w1894_t1581579289.jpg","url":"https:\/\/www.amos-ova.cz\/wp-content\/uploads\/img_a369380_w1894_t1581579289.jpg","height":0,"width":0},"url":"https:\/\/www.amos-ova.cz\/stehovani-kdekoli\/","about":["D\u016fm a zahrada"],"wordCount":417,"articleBody":"       Je jedno, jestli Praha, nebo Brno, v\u0161ude \u017eij\u00ed lid\u00e9 se sv\u00fdmi ka\u017edodenn\u00edmi probl\u00e9my a starostmi. Nebudeme si nalh\u00e1vat, \u017ee zm\u011bnit adresu pat\u0159\u00ed k t\u011bm v\u00edce atraktivn\u00edm z\u00e1le\u017eitostem, tedy alespo\u0148 pro v\u011bt\u0161inu z n\u00e1s. Pokud p\u0159eci jen dojde k l\u00e1m\u00e1n\u00ed pomysln\u00e9ho chleba a st\u011bhovat se prost\u011b mus\u00edme, je pot\u0159eba zv\u00e1\u017eit a stanovit priority. Chceme \u0159e\u0161it celou akci b\u011bhem pracovn\u00edch dn\u016f, nebo bychom rad\u011bji ob\u011btovali v\u00edkend, \u010di n\u011bjak\u00fd sv\u00e1tek? V\u00edme, jak a kde sehnat obalov\u00fd materi\u00e1l, bez kter\u00e9ho se jednozna\u010dn\u011b neobejdete?  Vlastn\u00edme i nadrozm\u011brn\u00e9, nebo velice t\u011b\u017ek\u00e9 kusy n\u00e1bytku a za\u0159\u00edzen\u00ed? Kdo n\u00e1m s nimi pom\u016f\u017ee, jak je dostaneme po schodech, v dom\u011b bez v\u00fdtahu? Spousta ot\u00e1zek, \u017e\u00e1dn\u00e1 odpov\u011b\u010f? Pokud nev\u00edte, jen t\u011b\u017eko si sami odpov\u00edte, ov\u0161em v\u017edy existuj\u00ed chytr\u00e1 \u0159e\u0161en\u00ed, kter\u00e1 m\u016f\u017ee vyu\u017e\u00edt jak fyzick\u00e1 osoba, tak podnikatel a \u017eivnostn\u00edk. St\u011bhov\u00e1n\u00ed Brno, to je to prav\u00e9 o\u0159echov\u00e9, to je to, co jste hledali a kde v\u00e1m jasn\u011b a stru\u010dn\u011b zodpov\u00ed na v\u0161echny p\u0159ede\u0161l\u00e9 ot\u00e1zky! P\u0159edstava, \u017ee jak\u00e9koli profesion\u00e1ln\u00ed slu\u017eby jsou nad mo\u017enosti z\u00e1kazn\u00edka, nejsou zcela nam\u00edst\u011b. Poskytujeme komplexn\u00ed pr\u00e1ci a sv\u011bte div se za ceny, kter\u00e9 si m\u016f\u017ee dovolit opravdu ka\u017ed\u00fd! Jak cel\u00e1 akce v re\u00e1lu prob\u00edh\u00e1? Zcela jednodu\u0161e a transparentn\u011b.  Na za\u010d\u00e1tku v\u00e1s nav\u0161t\u00edv\u00ed zku\u0161en\u00fd technik, porad\u00ed, jak na v\u011bc, navrhne mo\u017en\u00e1 \u0159e\u0161en\u00ed a stanov\u00ed cel\u00fd pl\u00e1n akce. Posl\u00e9ze v domluven\u00fd term\u00edn a hodinu doraz\u00ed na\u0161i odborn\u00ed zam\u011bstnanci, kte\u0159\u00ed demontuj\u00ed, zabal\u00ed, nalo\u017e\u00ed. Na nov\u00e9m m\u00edst\u011b pak v\u0161e vynos\u00ed, vybal\u00ed, smontuj\u00ed a p\u0159ipoj\u00ed. A vy? V\u00e1m sta\u010d\u00ed pouze odemknout dve\u0159e od nov\u00e9ho bytu, domu, \u010di kancel\u00e1\u0159e. Ano, p\u0159\u00e1tel\u00e9, tak je to jednoduch\u00e9 a snadn\u00e9. P\u0159enechte  http:\/\/zahranicni.eurozpravy.cz\/eu\/165135-migranti-nebyli-spokojeni-s-pridelenym-ubytovanim-prenechte-jim-sve-domy-zadaji-urady-svedy\/ t\u011b\u017ekou pr\u00e1ci profesion\u00e1l\u016fm, tuto ne zrovna p\u0159\u00edjemnou ud\u00e1lost prost\u011b dejte na starost jin\u00fdm, kte\u0159\u00ed v\u011bd\u00ed, jak na to! A nebudete litovat! Nejen\u017ee se postaraj\u00ed precizn\u011b o ka\u017ed\u00fd kus n\u00e1bytku a za\u0159\u00edzen\u00ed, ale \u0161etrn\u011b v\u0161e p\u0159eprav\u00ed na nov\u00e9 m\u00edsto ur\u010den\u00ed.                                                                                                                                                                                                                                                                                                                                                                                           4\/5 - (3 votes)        "},{"@context":"https:\/\/schema.org\/","@type":"BreadcrumbList","itemListElement":[{"@type":"ListItem","position":1,"name":"St\u011bhov\u00e1n\u00ed kdekoli","item":"https:\/\/www.amos-ova.cz\/stehovani-kdekoli\/#breadcrumbitem"}]}]