[{"@context":"https:\/\/schema.org\/","@type":"Article","@id":"https:\/\/www.amos-ova.cz\/romanticka-dovolena-na-kole\/#Article","mainEntityOfPage":"https:\/\/www.amos-ova.cz\/romanticka-dovolena-na-kole\/","headline":"Romantick\u00e1 dovolen\u00e1 na kole","name":"Romantick\u00e1 dovolen\u00e1 na kole","description":"U\u017e p\u0159\u00edjezd do m\u00edsta, ve kter\u00e9m str\u00e1v\u00edte cel\u00fd t\u00fdden nazna\u010doval, \u017ee za\u010d\u00edn\u00e1 dovolen\u00e1 v\u00a0 romantick\u00e9m duchu.Penzion, ve kter\u00e9m jste byli cel\u00fd t\u00fdden ubytov\u00e1ni st\u00e1l na b\u0159ehu rybn\u00edka. Z va\u0161eho pokoje byl v\u00fdhled na jeho st\u0159\u00edb\u0159itou hladinu. To v\u00e1m u\u010darovalo hned prvn\u00ed ve\u010der. Z terasy jste shl\u00ed\u017eeli na p\u0159ekr\u00e1snou scen\u00e9rii, lemovanou potemn\u011bl\u00fdm lesem. Hned prvn\u00ed r\u00e1no, [&hellip;]","datePublished":"2023-04-29","dateModified":"2023-04-29","author":{"@type":"Person","@id":"https:\/\/www.amos-ova.cz\/author\/#Person","name":"amos-ova.cz\n","url":"https:\/\/www.amos-ova.cz\/author\/","identifier":1,"image":{"@type":"ImageObject","@id":"https:\/\/secure.gravatar.com\/avatar\/4b051168bd2ace843d503d3432ebc4a96ac13303845197b3f2a2634cb21029f6?s=96&d=mm&r=g","url":"https:\/\/secure.gravatar.com\/avatar\/4b051168bd2ace843d503d3432ebc4a96ac13303845197b3f2a2634cb21029f6?s=96&d=mm&r=g","height":96,"width":96}},"publisher":{"@type":"Organization","name":"amos-ova.cz","logo":{"@type":"ImageObject","@id":"\/logo.png","url":"\/logo.png","width":600,"height":60}},"url":"https:\/\/www.amos-ova.cz\/romanticka-dovolena-na-kole\/","about":["Dovolen\u00e1"],"wordCount":469,"articleBody":"U\u017e p\u0159\u00edjezd do m\u00edsta, ve kter\u00e9m str\u00e1v\u00edte cel\u00fd t\u00fdden nazna\u010doval, \u017ee za\u010d\u00edn\u00e1 dovolen\u00e1 v\u00a0 romantick\u00e9m duchu.Penzion, ve kter\u00e9m jste byli cel\u00fd t\u00fdden ubytov\u00e1ni st\u00e1l na b\u0159ehu rybn\u00edka. Z va\u0161eho pokoje byl v\u00fdhled na jeho st\u0159\u00edb\u0159itou hladinu. To v\u00e1m u\u010darovalo hned prvn\u00ed ve\u010der. Z terasy jste shl\u00ed\u017eeli na p\u0159ekr\u00e1snou scen\u00e9rii, lemovanou potemn\u011bl\u00fdm lesem.Hned prvn\u00ed r\u00e1no, po spole\u010dn\u00e9 sn\u00eddani, cel\u00e1 va\u0161e skupina vyjela na prvn\u00ed, celodenn\u00ed v\u00fdlet. Po\u010das\u00ed v\u00e1m p\u0159\u00e1lo. Slun\u00ed\u010dko v\u00e1s doprov\u00e1zelo cel\u00fd t\u00fdden. Prvn\u00ed zast\u00e1vka byla v historick\u00e9m m\u011bste\u010dku, kter\u00e9 je vzd\u00e1leno asi deset kilometr\u016f od va\u0161eho ubytov\u00e1n\u00ed. Prohl\u00e9dli jste si pam\u00e1tky a pokra\u010dovali na kolech dal\u0161\u00edch dvacet kilometr\u016f k jednomu z nejv\u011bt\u0161\u00edch rybn\u00edk\u016f v kraji.Asi po dvouhodinov\u00e9m koup\u00e1n\u00ed a slun\u011bn\u00ed jste se vydali na zp\u00e1te\u010dn\u00ed cestu. B\u011bhem cel\u00e9ho dne jste ujeli asi \u0161edes\u00e1tikilometrovou trasu. V\u0161ichni byli sice unaven\u00ed, ale k ve\u010dern\u00edmu posezen\u00ed jste se se\u0161li v\u0161ichni. U dob\u0159e vychlazen\u00e9ho piva a doprovodu kytary jste prozp\u00edvali cel\u00fd ve\u010der a nikomu se necht\u011blo j\u00edt sp\u00e1t. Ale program na dal\u0161\u00ed den byl bohat\u00fd a tak jste se vydali ke sv\u00fdm pokoj\u016fm, abyste si odpo\u010dli a na\u010derpali s\u00edlu.B\u011bhem t\u00fddne se v\u00e1m poda\u0159ilo prozkoumat na kolech cel\u00e9 okol\u00ed. Hv\u011bzdicovit\u011b napl\u00e1novan\u00e9 v\u00fdlety v\u00e1m umo\u017enily nav\u0161t\u00edvit v\u0161echna zaj\u00edmav\u00e1 m\u00edsta.Rybn\u00edky, kter\u00e9 v\u00e1m dop\u0159\u00e1valy v tomto letn\u00edm \u010dase osv\u011b\u017een\u00ed, v\u00e1m nab\u00edzely koup\u00e1n\u00ed ka\u017ed\u00fd den. Zastaven\u00ed v p\u00edse\u010dn\u00e9m lomu, kter\u00fd byl na jedn\u00e9 z tras, v\u00e1s p\u0159ekvapil nezvykle tyrkysovou vodou, kontrastuj\u00edc\u00ed se \u017elut\u00fdm p\u00edskem.Nikdo z cyklist\u016f neodolal si v n\u00ed zaplavat. M\u00edstn\u00ed hosp\u016fdky, kter\u00e9 jste m\u00edjeli, nab\u00edzely \u010derstv\u00e9 ryb\u00e1\u0159sk\u00e9 \u00falovky. A tak jste se v\u017edycky v n\u011bkter\u00e9 z nich zastavili a ochutnali.Posledn\u00ed den jste je\u0161t\u011b spole\u010dn\u011b vyrazili na kolech na prohl\u00eddku renesan\u010dn\u00edho z\u00e1mku, kter\u00fd v\u00e9vod\u00ed cel\u00e9mu kraji. V jeho sousedstv\u00ed stoj\u00ed kl\u00e1\u0161ter a mal\u00fd kostel\u00edk. Sou\u010d\u00e1st\u00ed je i mal\u00fd pivovar, ve kter\u00e9m jste ochutnali m\u00edstn\u00ed kvasnicov\u00e9 pivo. Na rozlou\u010denou. Odpoledne v\u00e1\u0161 pobyt v tomto n\u00e1dhern\u00e9m kraji kon\u010d\u00ed. A vy si uv\u011bdomujete, \u017ee v\u016fbec nen\u00ed pot\u0159eba vyj\u00ed\u017ed\u011bt za z\u00e1\u017eitky do ciziny. \u017de se daj\u00ed za\u017e\u00edt i u n\u00e1s doma.                                                                                                                                                                                                                                                                                                                                                                                        4\/5 - (6 votes)        "},{"@context":"https:\/\/schema.org\/","@type":"BreadcrumbList","itemListElement":[{"@type":"ListItem","position":1,"name":"Romantick\u00e1 dovolen\u00e1 na kole","item":"https:\/\/www.amos-ova.cz\/romanticka-dovolena-na-kole\/#breadcrumbitem"}]}]