[{"@context":"https:\/\/schema.org\/","@type":"Blog","@id":"https:\/\/www.amos-ova.cz#Blog","headline":"Amosova","description":"\nInternet je dnes opravdu mocn\u00fd a dok\u00e1\u017ee v\u00e1m poskytnout takov\u00e9 mo\u017enosti, kter\u00e9 by v\u00e1s nenapadly. M\u016f\u017eete b\u00fdt prvn\u00ed, kdo p\u0159i zadan\u00e9m hesle \"vyjede\" potenci\u00e1ln\u00edmu klientovi. Sta\u010d\u00ed publikovat PR u n\u00e1s.","url":"https:\/\/www.amos-ova.cz","hasPart":[{"@type":"Article","@id":"https:\/\/www.amos-ova.cz\/kde-pomohou-podnikatelum\/","headline":"Kde pomohou podnikatel\u016fm?","url":"https:\/\/www.amos-ova.cz\/kde-pomohou-podnikatelum\/","datePublished":"2019-09-07","dateModified":"2023-04-29","mainEntityOfPage":"https:\/\/www.amos-ova.cz\/kde-pomohou-podnikatelum\/","author":{"@type":"Person","@id":"https:\/\/www.amos-ova.cz\/author\/#Person","name":"amos-ova.cz\n","url":"https:\/\/www.amos-ova.cz\/author\/","identifier":1,"image":{"@type":"ImageObject","@id":"https:\/\/secure.gravatar.com\/avatar\/4b051168bd2ace843d503d3432ebc4a96ac13303845197b3f2a2634cb21029f6?s=96&d=mm&r=g","url":"https:\/\/secure.gravatar.com\/avatar\/4b051168bd2ace843d503d3432ebc4a96ac13303845197b3f2a2634cb21029f6?s=96&d=mm&r=g","height":96,"width":96}},"publisher":{"@type":"Organization","name":"amos-ova.cz","logo":{"@type":"ImageObject","@id":"\/logo.png","url":"\/logo.png","width":600,"height":60}},"image":{"@type":"ImageObject","@id":"https:\/\/www.amos-ova.cz\/wp-content\/uploads\/img_a363622_w1894_t1576393131.jpg","url":"https:\/\/www.amos-ova.cz\/wp-content\/uploads\/img_a363622_w1894_t1576393131.jpg","height":0,"width":0},"wordCount":4513,"keywords":null},{"@type":"Article","@id":"https:\/\/www.amos-ova.cz\/nabytek-do-obyvaciho-pokoje-by-mel-byt-utulny\/","headline":"N\u00e1bytek do ob\u00fdvac\u00edho pokoje by m\u011bl b\u00fdt \u00fatuln\u00fd","url":"https:\/\/www.amos-ova.cz\/nabytek-do-obyvaciho-pokoje-by-mel-byt-utulny\/","datePublished":"2019-08-23","dateModified":"2023-04-29","mainEntityOfPage":"https:\/\/www.amos-ova.cz\/nabytek-do-obyvaciho-pokoje-by-mel-byt-utulny\/","author":{"@type":"Person","@id":"https:\/\/www.amos-ova.cz\/author\/#Person","name":"amos-ova.cz\n","url":"https:\/\/www.amos-ova.cz\/author\/","identifier":1,"image":{"@type":"ImageObject","@id":"https:\/\/secure.gravatar.com\/avatar\/4b051168bd2ace843d503d3432ebc4a96ac13303845197b3f2a2634cb21029f6?s=96&d=mm&r=g","url":"https:\/\/secure.gravatar.com\/avatar\/4b051168bd2ace843d503d3432ebc4a96ac13303845197b3f2a2634cb21029f6?s=96&d=mm&r=g","height":96,"width":96}},"publisher":{"@type":"Organization","name":"amos-ova.cz","logo":{"@type":"ImageObject","@id":"\/logo.png","url":"\/logo.png","width":600,"height":60}},"image":{"@type":"ImageObject","@id":"https:\/\/www.amos-ova.cz\/wp-content\/uploads\/img_a358994_w1894_t1573143285.jpg","url":"https:\/\/www.amos-ova.cz\/wp-content\/uploads\/img_a358994_w1894_t1573143285.jpg","height":0,"width":0},"wordCount":572,"keywords":null},{"@type":"Article","@id":"https:\/\/www.amos-ova.cz\/zlepsete-si-pamet-diky-indicke-byline\/","headline":"Zlep\u0161ete si pam\u011b\u0165 d\u00edky indick\u00e9 bylin\u011b","url":"https:\/\/www.amos-ova.cz\/zlepsete-si-pamet-diky-indicke-byline\/","datePublished":"2019-08-22","dateModified":"2023-04-29","mainEntityOfPage":"https:\/\/www.amos-ova.cz\/zlepsete-si-pamet-diky-indicke-byline\/","author":{"@type":"Person","@id":"https:\/\/www.amos-ova.cz\/author\/#Person","name":"amos-ova.cz\n","url":"https:\/\/www.amos-ova.cz\/author\/","identifier":1,"image":{"@type":"ImageObject","@id":"https:\/\/secure.gravatar.com\/avatar\/4b051168bd2ace843d503d3432ebc4a96ac13303845197b3f2a2634cb21029f6?s=96&d=mm&r=g","url":"https:\/\/secure.gravatar.com\/avatar\/4b051168bd2ace843d503d3432ebc4a96ac13303845197b3f2a2634cb21029f6?s=96&d=mm&r=g","height":96,"width":96}},"publisher":{"@type":"Organization","name":"amos-ova.cz","logo":{"@type":"ImageObject","@id":"\/logo.png","url":"\/logo.png","width":600,"height":60}},"image":{"@type":"ImageObject","@id":"https:\/\/www.amos-ova.cz\/wp-content\/uploads\/img_a367339_w2251_t1579775671.jpg","url":"https:\/\/www.amos-ova.cz\/wp-content\/uploads\/img_a367339_w2251_t1579775671.jpg","height":0,"width":0},"wordCount":546,"keywords":null},{"@type":"Article","@id":"https:\/\/www.amos-ova.cz\/kde-cloveku-jiste-pujci\/","headline":"Kde \u010dlov\u011bku jist\u011b p\u016fj\u010d\u00ed?","url":"https:\/\/www.amos-ova.cz\/kde-cloveku-jiste-pujci\/","datePublished":"2019-08-11","dateModified":"2023-04-29","mainEntityOfPage":"https:\/\/www.amos-ova.cz\/kde-cloveku-jiste-pujci\/","author":{"@type":"Person","@id":"https:\/\/www.amos-ova.cz\/author\/#Person","name":"amos-ova.cz\n","url":"https:\/\/www.amos-ova.cz\/author\/","identifier":1,"image":{"@type":"ImageObject","@id":"https:\/\/secure.gravatar.com\/avatar\/4b051168bd2ace843d503d3432ebc4a96ac13303845197b3f2a2634cb21029f6?s=96&d=mm&r=g","url":"https:\/\/secure.gravatar.com\/avatar\/4b051168bd2ace843d503d3432ebc4a96ac13303845197b3f2a2634cb21029f6?s=96&d=mm&r=g","height":96,"width":96}},"publisher":{"@type":"Organization","name":"amos-ova.cz","logo":{"@type":"ImageObject","@id":"\/logo.png","url":"\/logo.png","width":600,"height":60}},"image":{"@type":"ImageObject","@id":"https:\/\/www.amos-ova.cz\/wp-content\/uploads\/img_a359813_w1894_t1573743263.jpg","url":"https:\/\/www.amos-ova.cz\/wp-content\/uploads\/img_a359813_w1894_t1573743263.jpg","height":0,"width":0},"wordCount":553,"keywords":null},{"@type":"Article","@id":"https:\/\/www.amos-ova.cz\/aby-byl-tisk-dokonaly\/","headline":"Aby byl tisk dokonal\u00fd","url":"https:\/\/www.amos-ova.cz\/aby-byl-tisk-dokonaly\/","datePublished":"2019-08-06","dateModified":"2023-04-29","mainEntityOfPage":"https:\/\/www.amos-ova.cz\/aby-byl-tisk-dokonaly\/","author":{"@type":"Person","@id":"https:\/\/www.amos-ova.cz\/author\/#Person","name":"amos-ova.cz\n","url":"https:\/\/www.amos-ova.cz\/author\/","identifier":1,"image":{"@type":"ImageObject","@id":"https:\/\/secure.gravatar.com\/avatar\/4b051168bd2ace843d503d3432ebc4a96ac13303845197b3f2a2634cb21029f6?s=96&d=mm&r=g","url":"https:\/\/secure.gravatar.com\/avatar\/4b051168bd2ace843d503d3432ebc4a96ac13303845197b3f2a2634cb21029f6?s=96&d=mm&r=g","height":96,"width":96}},"publisher":{"@type":"Organization","name":"amos-ova.cz","logo":{"@type":"ImageObject","@id":"\/logo.png","url":"\/logo.png","width":600,"height":60}},"image":{"@type":"ImageObject","@id":"https:\/\/www.amos-ova.cz\/wp-content\/uploads\/img_a360704_w1894_t1574265737.jpg","url":"https:\/\/www.amos-ova.cz\/wp-content\/uploads\/img_a360704_w1894_t1574265737.jpg","height":0,"width":0},"wordCount":498,"keywords":null},{"@type":"Article","@id":"https:\/\/www.amos-ova.cz\/jak-ziskat-klic-k-srdci-zeny\/","headline":"Jak z\u00edskat kl\u00ed\u010d k srdci \u017eeny?","url":"https:\/\/www.amos-ova.cz\/jak-ziskat-klic-k-srdci-zeny\/","datePublished":"2019-07-23","dateModified":"2023-04-29","mainEntityOfPage":"https:\/\/www.amos-ova.cz\/jak-ziskat-klic-k-srdci-zeny\/","author":{"@type":"Person","@id":"https:\/\/www.amos-ova.cz\/author\/#Person","name":"amos-ova.cz\n","url":"https:\/\/www.amos-ova.cz\/author\/","identifier":1,"image":{"@type":"ImageObject","@id":"https:\/\/secure.gravatar.com\/avatar\/4b051168bd2ace843d503d3432ebc4a96ac13303845197b3f2a2634cb21029f6?s=96&d=mm&r=g","url":"https:\/\/secure.gravatar.com\/avatar\/4b051168bd2ace843d503d3432ebc4a96ac13303845197b3f2a2634cb21029f6?s=96&d=mm&r=g","height":96,"width":96}},"publisher":{"@type":"Organization","name":"amos-ova.cz","logo":{"@type":"ImageObject","@id":"\/logo.png","url":"\/logo.png","width":600,"height":60}},"image":{"@type":"ImageObject","@id":"https:\/\/www.amos-ova.cz\/wp-content\/uploads\/img_a349896_w1894_t1564863152.jpg","url":"https:\/\/www.amos-ova.cz\/wp-content\/uploads\/img_a349896_w1894_t1564863152.jpg","height":0,"width":0},"wordCount":617,"keywords":null},{"@type":"Article","@id":"https:\/\/www.amos-ova.cz\/zivotni-styl-v-tehotenstvi\/","headline":"\u017divotn\u00ed styl v t\u011bhotenstv\u00ed","url":"https:\/\/www.amos-ova.cz\/zivotni-styl-v-tehotenstvi\/","datePublished":"2019-06-25","dateModified":"2023-04-29","mainEntityOfPage":"https:\/\/www.amos-ova.cz\/zivotni-styl-v-tehotenstvi\/","author":{"@type":"Person","@id":"https:\/\/www.amos-ova.cz\/author\/#Person","name":"amos-ova.cz\n","url":"https:\/\/www.amos-ova.cz\/author\/","identifier":1,"image":{"@type":"ImageObject","@id":"https:\/\/secure.gravatar.com\/avatar\/4b051168bd2ace843d503d3432ebc4a96ac13303845197b3f2a2634cb21029f6?s=96&d=mm&r=g","url":"https:\/\/secure.gravatar.com\/avatar\/4b051168bd2ace843d503d3432ebc4a96ac13303845197b3f2a2634cb21029f6?s=96&d=mm&r=g","height":96,"width":96}},"publisher":{"@type":"Organization","name":"amos-ova.cz","logo":{"@type":"ImageObject","@id":"\/logo.png","url":"\/logo.png","width":600,"height":60}},"image":{"@type":"ImageObject","@id":"https:\/\/www.amos-ova.cz\/wp-content\/uploads\/img_a346147_w1894_t1560075521.jpg","url":"https:\/\/www.amos-ova.cz\/wp-content\/uploads\/img_a346147_w1894_t1560075521.jpg","height":0,"width":0},"wordCount":503,"keywords":null},{"@type":"Article","@id":"https:\/\/www.amos-ova.cz\/strach-z-pujcek-je-naprosto-zbytecny\/","headline":"Strach z p\u016fj\u010dek je naprosto zbyte\u010dn\u00fd","url":"https:\/\/www.amos-ova.cz\/strach-z-pujcek-je-naprosto-zbytecny\/","datePublished":"2019-06-25","dateModified":"2023-04-29","mainEntityOfPage":"https:\/\/www.amos-ova.cz\/strach-z-pujcek-je-naprosto-zbytecny\/","author":{"@type":"Person","@id":"https:\/\/www.amos-ova.cz\/author\/#Person","name":"amos-ova.cz\n","url":"https:\/\/www.amos-ova.cz\/author\/","identifier":1,"image":{"@type":"ImageObject","@id":"https:\/\/secure.gravatar.com\/avatar\/4b051168bd2ace843d503d3432ebc4a96ac13303845197b3f2a2634cb21029f6?s=96&d=mm&r=g","url":"https:\/\/secure.gravatar.com\/avatar\/4b051168bd2ace843d503d3432ebc4a96ac13303845197b3f2a2634cb21029f6?s=96&d=mm&r=g","height":96,"width":96}},"publisher":{"@type":"Organization","name":"amos-ova.cz","logo":{"@type":"ImageObject","@id":"\/logo.png","url":"\/logo.png","width":600,"height":60}},"image":{"@type":"ImageObject","@id":"https:\/\/www.amos-ova.cz\/wp-content\/uploads\/img_a360670_w2231_t1574244039.jpg","url":"https:\/\/www.amos-ova.cz\/wp-content\/uploads\/img_a360670_w2231_t1574244039.jpg","height":0,"width":0},"wordCount":545,"keywords":null},{"@type":"Article","@id":"https:\/\/www.amos-ova.cz\/domecek-jako-opravdovy\/","headline":"Dome\u010dek jako opravdov\u00fd","url":"https:\/\/www.amos-ova.cz\/domecek-jako-opravdovy\/","datePublished":"2019-06-19","dateModified":"2023-04-29","mainEntityOfPage":"https:\/\/www.amos-ova.cz\/domecek-jako-opravdovy\/","author":{"@type":"Person","@id":"https:\/\/www.amos-ova.cz\/author\/#Person","name":"amos-ova.cz\n","url":"https:\/\/www.amos-ova.cz\/author\/","identifier":1,"image":{"@type":"ImageObject","@id":"https:\/\/secure.gravatar.com\/avatar\/4b051168bd2ace843d503d3432ebc4a96ac13303845197b3f2a2634cb21029f6?s=96&d=mm&r=g","url":"https:\/\/secure.gravatar.com\/avatar\/4b051168bd2ace843d503d3432ebc4a96ac13303845197b3f2a2634cb21029f6?s=96&d=mm&r=g","height":96,"width":96}},"publisher":{"@type":"Organization","name":"amos-ova.cz","logo":{"@type":"ImageObject","@id":"\/logo.png","url":"\/logo.png","width":600,"height":60}},"image":{"@type":"ImageObject","@id":"https:\/\/www.amos-ova.cz\/wp-content\/uploads\/img_a358342_w1894_t1572530509.jpg","url":"https:\/\/www.amos-ova.cz\/wp-content\/uploads\/img_a358342_w1894_t1572530509.jpg","height":0,"width":0},"wordCount":546,"keywords":null},{"@type":"Article","@id":"https:\/\/www.amos-ova.cz\/prvni-byly-korzety\/","headline":"Prvn\u00ed byly korzety","url":"https:\/\/www.amos-ova.cz\/prvni-byly-korzety\/","datePublished":"2019-04-20","dateModified":"2023-04-29","mainEntityOfPage":"https:\/\/www.amos-ova.cz\/prvni-byly-korzety\/","author":{"@type":"Person","@id":"https:\/\/www.amos-ova.cz\/author\/#Person","name":"amos-ova.cz\n","url":"https:\/\/www.amos-ova.cz\/author\/","identifier":1,"image":{"@type":"ImageObject","@id":"https:\/\/secure.gravatar.com\/avatar\/4b051168bd2ace843d503d3432ebc4a96ac13303845197b3f2a2634cb21029f6?s=96&d=mm&r=g","url":"https:\/\/secure.gravatar.com\/avatar\/4b051168bd2ace843d503d3432ebc4a96ac13303845197b3f2a2634cb21029f6?s=96&d=mm&r=g","height":96,"width":96}},"publisher":{"@type":"Organization","name":"amos-ova.cz","logo":{"@type":"ImageObject","@id":"\/logo.png","url":"\/logo.png","width":600,"height":60}},"image":{"@type":"ImageObject","@id":"https:\/\/www.amos-ova.cz\/wp-content\/uploads\/img_a342501_w1894_t1555252130.jpg","url":"https:\/\/www.amos-ova.cz\/wp-content\/uploads\/img_a342501_w1894_t1555252130.jpg","height":0,"width":0},"wordCount":4464,"keywords":null}]},{"@context":"https:\/\/schema.org","@type":"WebSite","@id":"https:\/\/www.amos-ova.cz\/#website","name":"Amosova","url":"https:\/\/www.amos-ova.cz","potentialAction":{"@type":"SearchAction","target":"https:\/\/www.amos-ova.cz\/?s={search_term_string}","query-input":"required name=search_term_string"}}]