[{"@context":"https:\/\/schema.org\/","@type":"Blog","@id":"https:\/\/www.amos-ova.cz#Blog","headline":"Amosova","description":"\nInternet je dnes opravdu mocn\u00fd a dok\u00e1\u017ee v\u00e1m poskytnout takov\u00e9 mo\u017enosti, kter\u00e9 by v\u00e1s nenapadly. M\u016f\u017eete b\u00fdt prvn\u00ed, kdo p\u0159i zadan\u00e9m hesle \"vyjede\" potenci\u00e1ln\u00edmu klientovi. Sta\u010d\u00ed publikovat PR u n\u00e1s.","url":"https:\/\/www.amos-ova.cz","hasPart":[{"@type":"Article","@id":"https:\/\/www.amos-ova.cz\/pro-vyjimecne-kuchare-pouze-vyjimecne-ingredience\/","headline":"Pro v\u00fdjime\u010dn\u00e9 kucha\u0159e pouze v\u00fdjime\u010dn\u00e9 ingredience","url":"https:\/\/www.amos-ova.cz\/pro-vyjimecne-kuchare-pouze-vyjimecne-ingredience\/","datePublished":"2023-07-25","dateModified":"2023-07-25","mainEntityOfPage":"https:\/\/www.amos-ova.cz\/pro-vyjimecne-kuchare-pouze-vyjimecne-ingredience\/","author":{"@type":"Person","@id":"https:\/\/www.amos-ova.cz\/author\/#Person","name":"amos-ova.cz\n","url":"https:\/\/www.amos-ova.cz\/author\/","identifier":1,"image":{"@type":"ImageObject","@id":"https:\/\/secure.gravatar.com\/avatar\/4b051168bd2ace843d503d3432ebc4a96ac13303845197b3f2a2634cb21029f6?s=96&d=mm&r=g","url":"https:\/\/secure.gravatar.com\/avatar\/4b051168bd2ace843d503d3432ebc4a96ac13303845197b3f2a2634cb21029f6?s=96&d=mm&r=g","height":96,"width":96}},"publisher":{"@type":"Organization","name":"amos-ova.cz","logo":{"@type":"ImageObject","@id":"\/logo.png","url":"\/logo.png","width":600,"height":60}},"image":null,"wordCount":268,"keywords":null},{"@type":"Article","@id":"https:\/\/www.amos-ova.cz\/s-firmou-mobau-budete-jiste-spokojeni\/","headline":"S firmou Mobau budete jist\u011b spokojen\u00ed","url":"https:\/\/www.amos-ova.cz\/s-firmou-mobau-budete-jiste-spokojeni\/","datePublished":"2023-06-16","dateModified":"2024-06-18","mainEntityOfPage":"https:\/\/www.amos-ova.cz\/s-firmou-mobau-budete-jiste-spokojeni\/","author":{"@type":"Person","@id":"https:\/\/www.amos-ova.cz\/author\/#Person","name":"amos-ova.cz\n","url":"https:\/\/www.amos-ova.cz\/author\/","identifier":1,"image":{"@type":"ImageObject","@id":"https:\/\/secure.gravatar.com\/avatar\/4b051168bd2ace843d503d3432ebc4a96ac13303845197b3f2a2634cb21029f6?s=96&d=mm&r=g","url":"https:\/\/secure.gravatar.com\/avatar\/4b051168bd2ace843d503d3432ebc4a96ac13303845197b3f2a2634cb21029f6?s=96&d=mm&r=g","height":96,"width":96}},"publisher":{"@type":"Organization","name":"amos-ova.cz","logo":{"@type":"ImageObject","@id":"\/logo.png","url":"\/logo.png","width":600,"height":60}},"image":null,"wordCount":262,"keywords":null},{"@type":"Article","@id":"https:\/\/www.amos-ova.cz\/skvelou-autoskolou-v-brne-jsme-my\/","headline":"Skv\u011blou auto\u0161kolou v Brn\u011b jsme my","url":"https:\/\/www.amos-ova.cz\/skvelou-autoskolou-v-brne-jsme-my\/","datePublished":"2023-04-26","dateModified":"2024-04-30","mainEntityOfPage":"https:\/\/www.amos-ova.cz\/skvelou-autoskolou-v-brne-jsme-my\/","author":{"@type":"Person","@id":"https:\/\/www.amos-ova.cz\/author\/#Person","name":"amos-ova.cz\n","url":"https:\/\/www.amos-ova.cz\/author\/","identifier":1,"image":{"@type":"ImageObject","@id":"https:\/\/secure.gravatar.com\/avatar\/4b051168bd2ace843d503d3432ebc4a96ac13303845197b3f2a2634cb21029f6?s=96&d=mm&r=g","url":"https:\/\/secure.gravatar.com\/avatar\/4b051168bd2ace843d503d3432ebc4a96ac13303845197b3f2a2634cb21029f6?s=96&d=mm&r=g","height":96,"width":96}},"publisher":{"@type":"Organization","name":"amos-ova.cz","logo":{"@type":"ImageObject","@id":"\/logo.png","url":"\/logo.png","width":600,"height":60}},"image":null,"wordCount":473,"keywords":null},{"@type":"Article","@id":"https:\/\/www.amos-ova.cz\/nedejte-exekutorovi-sanci-kdyz-nemusite\/","headline":"Nedejte exekutorovi \u0161anci, kdy\u017e nemus\u00edte!","url":"https:\/\/www.amos-ova.cz\/nedejte-exekutorovi-sanci-kdyz-nemusite\/","datePublished":"2023-03-25","dateModified":"2024-03-26","mainEntityOfPage":"https:\/\/www.amos-ova.cz\/nedejte-exekutorovi-sanci-kdyz-nemusite\/","author":{"@type":"Person","@id":"https:\/\/www.amos-ova.cz\/author\/#Person","name":"amos-ova.cz\n","url":"https:\/\/www.amos-ova.cz\/author\/","identifier":1,"image":{"@type":"ImageObject","@id":"https:\/\/secure.gravatar.com\/avatar\/4b051168bd2ace843d503d3432ebc4a96ac13303845197b3f2a2634cb21029f6?s=96&d=mm&r=g","url":"https:\/\/secure.gravatar.com\/avatar\/4b051168bd2ace843d503d3432ebc4a96ac13303845197b3f2a2634cb21029f6?s=96&d=mm&r=g","height":96,"width":96}},"publisher":{"@type":"Organization","name":"amos-ova.cz","logo":{"@type":"ImageObject","@id":"\/logo.png","url":"\/logo.png","width":600,"height":60}},"image":null,"wordCount":475,"keywords":null},{"@type":"Article","@id":"https:\/\/www.amos-ova.cz\/premyslejte-o-celkove-kompozici-interieru\/","headline":"P\u0159em\u00fd\u0161lejte o celkov\u00e9 kompozici interi\u00e9r\u016f","url":"https:\/\/www.amos-ova.cz\/premyslejte-o-celkove-kompozici-interieru\/","datePublished":"2023-02-17","dateModified":"2024-02-19","mainEntityOfPage":"https:\/\/www.amos-ova.cz\/premyslejte-o-celkove-kompozici-interieru\/","author":{"@type":"Person","@id":"https:\/\/www.amos-ova.cz\/author\/#Person","name":"amos-ova.cz\n","url":"https:\/\/www.amos-ova.cz\/author\/","identifier":1,"image":{"@type":"ImageObject","@id":"https:\/\/secure.gravatar.com\/avatar\/4b051168bd2ace843d503d3432ebc4a96ac13303845197b3f2a2634cb21029f6?s=96&d=mm&r=g","url":"https:\/\/secure.gravatar.com\/avatar\/4b051168bd2ace843d503d3432ebc4a96ac13303845197b3f2a2634cb21029f6?s=96&d=mm&r=g","height":96,"width":96}},"publisher":{"@type":"Organization","name":"amos-ova.cz","logo":{"@type":"ImageObject","@id":"\/logo.png","url":"\/logo.png","width":600,"height":60}},"image":null,"wordCount":494,"keywords":null},{"@type":"Article","@id":"https:\/\/www.amos-ova.cz\/ne-vzdy-je-konec-koncem\/","headline":"Ne v\u017edy je konec koncem","url":"https:\/\/www.amos-ova.cz\/ne-vzdy-je-konec-koncem\/","datePublished":"2022-11-02","dateModified":"2023-04-29","mainEntityOfPage":"https:\/\/www.amos-ova.cz\/ne-vzdy-je-konec-koncem\/","author":{"@type":"Person","@id":"https:\/\/www.amos-ova.cz\/author\/#Person","name":"amos-ova.cz\n","url":"https:\/\/www.amos-ova.cz\/author\/","identifier":1,"image":{"@type":"ImageObject","@id":"https:\/\/secure.gravatar.com\/avatar\/4b051168bd2ace843d503d3432ebc4a96ac13303845197b3f2a2634cb21029f6?s=96&d=mm&r=g","url":"https:\/\/secure.gravatar.com\/avatar\/4b051168bd2ace843d503d3432ebc4a96ac13303845197b3f2a2634cb21029f6?s=96&d=mm&r=g","height":96,"width":96}},"publisher":{"@type":"Organization","name":"amos-ova.cz","logo":{"@type":"ImageObject","@id":"\/logo.png","url":"\/logo.png","width":600,"height":60}},"image":{"@type":"ImageObject","@id":"https:\/\/www.amos-ova.cz\/wp-content\/uploads\/woman-7647145_960_720.jpg","url":"https:\/\/www.amos-ova.cz\/wp-content\/uploads\/woman-7647145_960_720.jpg","height":0,"width":0},"wordCount":623,"keywords":null},{"@type":"Article","@id":"https:\/\/www.amos-ova.cz\/proc-je-plastova-paleta-lepsi-nez-drevena\/","headline":"Pro\u010d je plastov\u00e1 paleta lep\u0161\u00ed, ne\u017e d\u0159ev\u011bn\u00e1","url":"https:\/\/www.amos-ova.cz\/proc-je-plastova-paleta-lepsi-nez-drevena\/","datePublished":"2022-07-15","dateModified":"2023-07-21","mainEntityOfPage":"https:\/\/www.amos-ova.cz\/proc-je-plastova-paleta-lepsi-nez-drevena\/","author":{"@type":"Person","@id":"https:\/\/www.amos-ova.cz\/author\/#Person","name":"amos-ova.cz\n","url":"https:\/\/www.amos-ova.cz\/author\/","identifier":1,"image":{"@type":"ImageObject","@id":"https:\/\/secure.gravatar.com\/avatar\/4b051168bd2ace843d503d3432ebc4a96ac13303845197b3f2a2634cb21029f6?s=96&d=mm&r=g","url":"https:\/\/secure.gravatar.com\/avatar\/4b051168bd2ace843d503d3432ebc4a96ac13303845197b3f2a2634cb21029f6?s=96&d=mm&r=g","height":96,"width":96}},"publisher":{"@type":"Organization","name":"amos-ova.cz","logo":{"@type":"ImageObject","@id":"\/logo.png","url":"\/logo.png","width":600,"height":60}},"image":{"@type":"ImageObject","@id":"https:\/\/www.amos-ova.cz\/wp-content\/uploads\/pallet-1665472_640.jpg","url":"https:\/\/www.amos-ova.cz\/wp-content\/uploads\/pallet-1665472_640.jpg","height":0,"width":0},"wordCount":593,"keywords":null},{"@type":"Article","@id":"https:\/\/www.amos-ova.cz\/pergola-na-leto\/","headline":"Pergola na l\u00e9to","url":"https:\/\/www.amos-ova.cz\/pergola-na-leto\/","datePublished":"2021-07-17","dateModified":"2023-12-11","mainEntityOfPage":"https:\/\/www.amos-ova.cz\/pergola-na-leto\/","author":{"@type":"Person","@id":"https:\/\/www.amos-ova.cz\/author\/#Person","name":"amos-ova.cz\n","url":"https:\/\/www.amos-ova.cz\/author\/","identifier":1,"image":{"@type":"ImageObject","@id":"https:\/\/secure.gravatar.com\/avatar\/4b051168bd2ace843d503d3432ebc4a96ac13303845197b3f2a2634cb21029f6?s=96&d=mm&r=g","url":"https:\/\/secure.gravatar.com\/avatar\/4b051168bd2ace843d503d3432ebc4a96ac13303845197b3f2a2634cb21029f6?s=96&d=mm&r=g","height":96,"width":96}},"publisher":{"@type":"Organization","name":"amos-ova.cz","logo":{"@type":"ImageObject","@id":"\/logo.png","url":"\/logo.png","width":600,"height":60}},"image":{"@type":"ImageObject","@id":"https:\/\/www.amos-ova.cz\/wp-content\/uploads\/kousek%20pergoly.jpg","url":"https:\/\/www.amos-ova.cz\/wp-content\/uploads\/kousek%20pergoly.jpg","height":0,"width":0},"wordCount":694,"keywords":null},{"@type":"Article","@id":"https:\/\/www.amos-ova.cz\/jak-se-prestehovat-s-dodavkou\/","headline":"Jak se p\u0159est\u011bhovat s dod\u00e1vkou","url":"https:\/\/www.amos-ova.cz\/jak-se-prestehovat-s-dodavkou\/","datePublished":"2021-04-12","dateModified":"2023-04-29","mainEntityOfPage":"https:\/\/www.amos-ova.cz\/jak-se-prestehovat-s-dodavkou\/","author":{"@type":"Person","@id":"https:\/\/www.amos-ova.cz\/author\/#Person","name":"amos-ova.cz\n","url":"https:\/\/www.amos-ova.cz\/author\/","identifier":1,"image":{"@type":"ImageObject","@id":"https:\/\/secure.gravatar.com\/avatar\/4b051168bd2ace843d503d3432ebc4a96ac13303845197b3f2a2634cb21029f6?s=96&d=mm&r=g","url":"https:\/\/secure.gravatar.com\/avatar\/4b051168bd2ace843d503d3432ebc4a96ac13303845197b3f2a2634cb21029f6?s=96&d=mm&r=g","height":96,"width":96}},"publisher":{"@type":"Organization","name":"amos-ova.cz","logo":{"@type":"ImageObject","@id":"\/logo.png","url":"\/logo.png","width":600,"height":60}},"image":{"@type":"ImageObject","@id":"https:\/\/www.amos-ova.cz\/wp-content\/uploads\/art400361_3x2_20260809_182010_FYWKoN.jpg","url":"https:\/\/www.amos-ova.cz\/wp-content\/uploads\/art400361_3x2_20260809_182010_FYWKoN.jpg","height":0,"width":0},"wordCount":563,"keywords":null},{"@type":"Article","@id":"https:\/\/www.amos-ova.cz\/peking-plny-pamatek\/","headline":"Peking pln\u00fd pam\u00e1tek","url":"https:\/\/www.amos-ova.cz\/peking-plny-pamatek\/","datePublished":"2020-12-14","dateModified":"2023-10-23","mainEntityOfPage":"https:\/\/www.amos-ova.cz\/peking-plny-pamatek\/","author":{"@type":"Person","@id":"https:\/\/www.amos-ova.cz\/author\/#Person","name":"amos-ova.cz\n","url":"https:\/\/www.amos-ova.cz\/author\/","identifier":1,"image":{"@type":"ImageObject","@id":"https:\/\/secure.gravatar.com\/avatar\/4b051168bd2ace843d503d3432ebc4a96ac13303845197b3f2a2634cb21029f6?s=96&d=mm&r=g","url":"https:\/\/secure.gravatar.com\/avatar\/4b051168bd2ace843d503d3432ebc4a96ac13303845197b3f2a2634cb21029f6?s=96&d=mm&r=g","height":96,"width":96}},"publisher":{"@type":"Organization","name":"amos-ova.cz","logo":{"@type":"ImageObject","@id":"\/logo.png","url":"\/logo.png","width":600,"height":60}},"image":{"@type":"ImageObject","@id":"https:\/\/www.amos-ova.cz\/wp-content\/uploads\/art393214_4x3_20260820_230531_Zq8wMh.jpg","url":"https:\/\/www.amos-ova.cz\/wp-content\/uploads\/art393214_4x3_20260820_230531_Zq8wMh.jpg","height":0,"width":0},"wordCount":623,"keywords":null}]},{"@context":"https:\/\/schema.org","@type":"WebSite","@id":"https:\/\/www.amos-ova.cz\/#website","name":"Amosova","url":"https:\/\/www.amos-ova.cz","potentialAction":{"@type":"SearchAction","target":"https:\/\/www.amos-ova.cz\/?s={search_term_string}","query-input":"required name=search_term_string"}}]