[{"@context":"https:\/\/schema.org\/","@type":"Article","@id":"https:\/\/www.amos-ova.cz\/nechcete-mit-lepsi-skrine\/#Article","mainEntityOfPage":"https:\/\/www.amos-ova.cz\/nechcete-mit-lepsi-skrine\/","headline":"Nechcete m\u00edt lep\u0161\u00ed sk\u0159\u00edn\u011b?","name":"Nechcete m\u00edt lep\u0161\u00ed sk\u0159\u00edn\u011b?","description":"Je naprosto norm\u00e1ln\u00ed, \u017ee \u017eijeme v za\u0159\u00edzen\u00fdch bytech. M\u00e1me tam nejr\u016fzn\u011bj\u0161\u00ed n\u00e1bytek, podle toho, co pot\u0159ebujeme a co si tak\u00e9 samoz\u0159ejm\u011b m\u016f\u017eeme dovolit. A proto\u017ee je dnes v\u00fdrobc\u016f a prodejc\u016f n\u00e1bytku spousta, je i n\u00e1bytek, kter\u00fd m\u00e1me doma, hodn\u011b r\u016fzn\u00fd. Ka\u017ed\u00fd z n\u00e1s m\u016f\u017ee m\u00edt a tak\u00e9 m\u00e1 n\u011bco jin\u00e9ho. Ale zat\u00edmco si n\u011bkdo vybral [&hellip;]","datePublished":"2025-12-21","dateModified":"2025-12-21","author":{"@type":"Person","@id":"https:\/\/www.amos-ova.cz\/author\/#Person","name":"amos-ova.cz\n","url":"https:\/\/www.amos-ova.cz\/author\/","identifier":1,"image":{"@type":"ImageObject","@id":"https:\/\/secure.gravatar.com\/avatar\/4b051168bd2ace843d503d3432ebc4a96ac13303845197b3f2a2634cb21029f6?s=96&d=mm&r=g","url":"https:\/\/secure.gravatar.com\/avatar\/4b051168bd2ace843d503d3432ebc4a96ac13303845197b3f2a2634cb21029f6?s=96&d=mm&r=g","height":96,"width":96}},"publisher":{"@type":"Organization","name":"amos-ova.cz","logo":{"@type":"ImageObject","@id":"\/logo.png","url":"\/logo.png","width":600,"height":60}},"image":{"@type":"ImageObject","@id":"https:\/\/www.amos-ova.cz\/wp-content\/uploads\/skkkk_2.jpg","url":"https:\/\/www.amos-ova.cz\/wp-content\/uploads\/skkkk_2.jpg","height":0,"width":0},"url":"https:\/\/www.amos-ova.cz\/nechcete-mit-lepsi-skrine\/","about":["N\u00e1kupy"],"wordCount":441,"articleBody":"       Je naprosto norm\u00e1ln\u00ed, \u017ee \u017eijeme v za\u0159\u00edzen\u00fdch bytech. M\u00e1me tam nejr\u016fzn\u011bj\u0161\u00ed n\u00e1bytek, podle toho, co pot\u0159ebujeme a co si tak\u00e9 samoz\u0159ejm\u011b m\u016f\u017eeme dovolit. A proto\u017ee je dnes v\u00fdrobc\u016f a prodejc\u016f n\u00e1bytku spousta, je i n\u00e1bytek, kter\u00fd m\u00e1me doma, hodn\u011b r\u016fzn\u00fd. Ka\u017ed\u00fd z n\u00e1s m\u016f\u017ee m\u00edt a tak\u00e9 m\u00e1 n\u011bco jin\u00e9ho. Ale zat\u00edmco si n\u011bkdo vybral dokonale a n\u00e1bytek mu tedy skv\u011ble slou\u017e\u00ed, jin\u00fd m\u00e1 d\u016fvod si st\u011b\u017eovat na jeho nedokonalosti. Tak to prost\u011b je. A kdy\u017e m\u00e1me doma n\u00e1bytek, pochopiteln\u011b mezi n\u00edm nesch\u00e1z\u00ed ani n\u011bjak\u00e1 sk\u0159\u00ed\u0148. Nebo sk\u0159\u00edn\u011b, podle toho, kolik tam m\u00e1me prostoru a kolik v\u011bc\u00ed, je\u017e je z\u00e1hodno do sk\u0159\u00edn\u011b ulo\u017eit.A zat\u00edmco si n\u011bkte\u0159\u00ed bydl\u00edc\u00ed na sv\u016fj n\u00e1bytek, jmenovit\u011b sk\u0159\u00edn\u011b, st\u011b\u017euj\u00ed, jin\u00ed jsou spokojen\u00ed. Z\u00e1le\u017e\u00ed toti\u017e i na tom, jak\u00e9 sk\u0159\u00edn\u011b si \u010dlov\u011bk po\u0159\u00edd\u00ed, ne jen na tom, jestli jich m\u00e1 dost. Jak toti\u017e v\u0161ichni v\u00edme, existuj\u00ed byty a domy v\u011bt\u0161\u00ed a men\u0161\u00ed. A je pochopiteln\u00e9, \u017ee co je ide\u00e1ln\u00ed pro velk\u00fd interi\u00e9r, to v tom mal\u00e9m prost\u011b m\u016f\u017ee p\u0159ek\u00e1\u017eet. A je jasn\u00e9, \u017ee v ka\u017ed\u00e9m byt\u011b je ur\u010dit\u00e9 m\u00edsto, kter\u00e9 lze vyu\u017e\u00edt pro um\u00edst\u011bn\u00ed sk\u0159\u00edn\u011b, a kdy\u017e je potom takov\u00e1 sk\u0159\u00ed\u0148 mal\u00e1, z\u016fst\u00e1v\u00e1 nevyu\u017eit\u00fd prostor. A kdy\u017e je naopak velk\u00e1, prost\u011b se tam nevejde.Tak\u017ee by m\u011bl ka\u017ed\u00fd \u010dlov\u011bk zva\u017eovat, jakou sk\u0159\u00ed\u0148 si po\u0159\u00edd\u00ed. Aby byl spokojen\u00fd s jej\u00edmi rozm\u011bry. A nejen s t\u011bmi. Tak\u00e9 je pot\u0159eba, aby byla sk\u0159\u00ed\u0148 vyroben\u00e1 kvalitn\u011b a z kvalitn\u00edho materi\u00e1lu, aby vyhovovala i jej\u00ed barva\u2026Prost\u011b by se sk\u0159\u00edn\u011b m\u011bly hodit na m\u00edsto, kde by m\u011bly posl\u00e9ze \u010dlov\u011bku po l\u00e9ta slou\u017eit. A jestli jsou v tomto ohledu n\u011bkter\u00e9 sk\u0159\u00edn\u011b dokonal\u00e9, jsou to ty vestav\u011bn\u00e9 a vyroben\u00e9 na m\u00edru. Ty se vyr\u00e1b\u011bj\u00ed podle p\u0159\u00e1n\u00ed t\u011bch, kdo je cht\u011bj\u00ed m\u00edt. A jak\u00e1 je u n\u011b\u010deho jako vestav\u011bn\u00e1 sk\u0159\u00ed\u0148 na m\u00edru cena? Budete se mo\u017en\u00e1 divit, ale m\u016f\u017ee b\u00fdt velice p\u0159\u00edzniv\u00e1. Proto\u017ee se tu d\u00e1 z\u00e1kazn\u00edkovu p\u0159\u00e1n\u00ed p\u0159izp\u016fsobit nejen velikost, ale i dal\u0161\u00ed parametry, cenu nevyj\u00edmaje. A tak nehroz\u00ed, \u017ee bychom museli nedobrovoln\u011b pou\u017e\u00edvat nedokonal\u00fd n\u00e1bytek.                                                                                                                                                                                                                                                                                                                                                                                          5\/5 - (2 votes)        "},{"@context":"https:\/\/schema.org\/","@type":"BreadcrumbList","itemListElement":[{"@type":"ListItem","position":1,"name":"Nechcete m\u00edt lep\u0161\u00ed sk\u0159\u00edn\u011b?","item":"https:\/\/www.amos-ova.cz\/nechcete-mit-lepsi-skrine\/#breadcrumbitem"}]}]