[{"@context":"https:\/\/schema.org\/","@type":"Article","@id":"https:\/\/www.amos-ova.cz\/manager-ve-firme\/#Article","mainEntityOfPage":"https:\/\/www.amos-ova.cz\/manager-ve-firme\/","headline":"Manager ve firm\u011b","name":"Manager ve firm\u011b","description":"Podnik\u00e1n\u00ed se zcela jist\u011b neobejde bez schopn\u00e9ho mana\u017eera. V p\u0159\u00edpad\u011b mal\u00e9 firmy se m\u016f\u017ee st\u00e1t, \u017ee mana\u017eer je tak\u00e9 podnikatel, ale obvykle plat\u00ed model, kdy podnikatel je osoba vlastn\u00edc\u00ed prost\u0159edky, nese riziko a ud\u00e1v\u00e1 trend. Mana\u017eer je ten, kdo firmu \u0159\u00edd\u00ed a to takov\u00fdm zp\u016fsobem, jak ur\u010dil podnikatel. Podnikatel je obvykle vizion\u00e1\u0159, mana\u017eer realiz\u00e1tor. Existuj\u00ed [&hellip;]","datePublished":"2025-03-08","dateModified":"2023-04-29","author":{"@type":"Person","@id":"https:\/\/www.amos-ova.cz\/author\/#Person","name":"amos-ova.cz\n","url":"https:\/\/www.amos-ova.cz\/author\/","identifier":1,"image":{"@type":"ImageObject","@id":"https:\/\/secure.gravatar.com\/avatar\/4b051168bd2ace843d503d3432ebc4a96ac13303845197b3f2a2634cb21029f6?s=96&d=mm&r=g","url":"https:\/\/secure.gravatar.com\/avatar\/4b051168bd2ace843d503d3432ebc4a96ac13303845197b3f2a2634cb21029f6?s=96&d=mm&r=g","height":96,"width":96}},"publisher":{"@type":"Organization","name":"amos-ova.cz","logo":{"@type":"ImageObject","@id":"\/logo.png","url":"\/logo.png","width":600,"height":60}},"image":{"@type":"ImageObject","@id":"https:\/\/www.amos-ova.cz\/wp-content\/uploads\/img_a305397_w1894_t1516956376.jpg","url":"https:\/\/www.amos-ova.cz\/wp-content\/uploads\/img_a305397_w1894_t1516956376.jpg","height":0,"width":0},"url":"https:\/\/www.amos-ova.cz\/manager-ve-firme\/","about":["Podnik\u00e1n\u00ed"],"wordCount":354,"articleBody":"Podnik\u00e1n\u00ed se zcela jist\u011b neobejde bez schopn\u00e9ho mana\u017eera. V p\u0159\u00edpad\u011b mal\u00e9 firmy se m\u016f\u017ee st\u00e1t, \u017ee mana\u017eer je tak\u00e9 podnikatel, ale obvykle plat\u00ed model, kdy podnikatel je osoba vlastn\u00edc\u00ed prost\u0159edky, nese riziko a ud\u00e1v\u00e1 trend. Mana\u017eer je ten, kdo firmu \u0159\u00edd\u00ed a to takov\u00fdm zp\u016fsobem, jak ur\u010dil podnikatel. Podnikatel je obvykle vizion\u00e1\u0159, mana\u017eer realiz\u00e1tor.Existuj\u00ed t\u0159i typy mana\u017eer\u016f, demokratick\u00fd, autokratick\u00fd a liber\u00e1ln\u00ed typ. Samoz\u0159ejm\u011b \u017ee nenajdeme \u010dist\u00fd typ, v\u017edy se jedn\u00e1 o kombinaci, ale jeden typ v\u017edy p\u0159evl\u00e1d\u00e1.\t\tDemokratick\u00fd typ\u2013 ide\u00e1ln\u00ed typ, kooperativn\u00ed. Dok\u00e1\u017ee p\u0159esn\u011b rozd\u011blovat \u00fakoly, vyu\u017e\u00edv\u00e1 n\u00e1zoru pracovn\u00edho kolektivu, sna\u017e\u00ed se logicky p\u0159esv\u011bd\u010dovat a je mu ciz\u00ed p\u0159ikazov\u00e1n\u00ed. Sna\u017e\u00ed se pracovn\u00edky motivovat a seznamuje je s perspektivami a variantami mo\u017en\u00fdch postup\u016f.\t\tAutokratick\u00fd typ\u2013 soust\u0159e\u010fuje v\u0161echny pravomoci a dispozice ve sv\u00fdch rukou. Nezaj\u00edmaj\u00ed ho n\u00e1zory druh\u00fdch, nerad\u00ed se, rovnou ud\u011bluje p\u0159\u00edkazy. Samoz\u0159ejm\u011b takov\u00fd typ nen\u00ed obl\u00edben\u00fd, doch\u00e1z\u00ed ke zna\u010dn\u00e9 fluktuaci pod\u0159\u00edzen\u00fdch, na pracovi\u0161ti doch\u00e1z\u00ed k agresivit\u011b nebo naopak nez\u00e1jmu hrani\u010d\u00edm s apati\u00ed.\t\tLiber\u00e1ln\u00ed typ\u2013 neovliv\u0148uje chod, nebo minim\u00e1ln\u011b. Neprojevuje se jako autorita, nekontroluje, nehodnot\u00ed, vych\u00e1z\u00ed vst\u0159\u00edc. Pracovn\u00edci ho maj\u00ed r\u00e1di, ale jsou nedisciplinovan\u00ed, pracovn\u00ed efekt je minim\u00e1ln\u00ed.\u00a0\tD\u011blen\u00ed podle managementuV\u00fd\u0161e uveden\u00e9 je rozd\u011blen\u00ed psychologick\u00e9. Mana\u017eery ov\u0161em m\u016f\u017eeme d\u011blit je\u0161t\u011b z provozn\u00edho hlediska do jin\u00fdch t\u0159ech skupin a to podle \u00farovn\u011b \u0159\u00edzen\u00ed na:\t\tVrcholov\u00fd top manager\u2013 jedn\u00e1 se o nejv\u00fd\u0161e postaven\u00e9 \u0159\u00edd\u00edc\u00ed pracovn\u00edky zodpov\u011bdn\u00e9 za strategick\u00e9 pl\u00e1nov\u00e1n\u00ed a c\u00edle organizace\t\tSt\u0159edn\u00ed management\u2013 vedouc\u00ed pracovn\u00edci zodpov\u011bdn\u00ed za r\u016fznorod\u00e1 obdob\u00ed, organizuj\u00ed jednotliv\u00e9 \u00faseky a jejich veden\u00ed\t\tN\u00edzk\u00fd management\u2013 operativn\u00ed \u0159\u00edd\u00edc\u00ed pracovn\u00edci, nap\u0159\u00edklad mist\u0159i ve v\u00fdrob\u011b, maj\u00ed za \u00fakol kontrolu, zapracov\u00e1n\u00ed nov\u00fdch pracovn\u00edk\u016f, sepisov\u00e1n\u00ed zpr\u00e1v.                                                                                                                                                                                                                                                                                                                                                                                        3\/5 - (5 votes)        "},{"@context":"https:\/\/schema.org\/","@type":"BreadcrumbList","itemListElement":[{"@type":"ListItem","position":1,"name":"Manager ve firm\u011b","item":"https:\/\/www.amos-ova.cz\/manager-ve-firme\/#breadcrumbitem"}]}]