[{"@context":"https:\/\/schema.org\/","@type":"Article","@id":"https:\/\/www.amos-ova.cz\/levandulovy-raj\/#Article","mainEntityOfPage":"https:\/\/www.amos-ova.cz\/levandulovy-raj\/","headline":"Levandulov\u00fd r\u00e1j","name":"Levandulov\u00fd r\u00e1j","description":"Ji\u017en\u00ed \u010d\u00e1st Francie nab\u00edz\u00ed snad v\u0161e od vrcholk\u016f hor p\u0159es vinice a\u017e mo\u0159e. Hlavn\u00edm m\u011bstem Provence je Marseille. Tamn\u00ed mal\u00e1 m\u011bsta jsou kulturn\u011b bohat\u00e1 a gurm\u00e1ni si vychutnaj\u00ed pravou francouzskou dom\u00e1c\u00ed kuchyni. Ide\u00e1ln\u00ed dobou pro n\u00e1v\u0161t\u011bvu tohoto p\u0159ekr\u00e1sn\u00e9ho kraje je obdob\u00ed od pozdn\u00edho jara do za\u010d\u00e1tku podzimu, nejtepleji je samoz\u0159ejm\u011b v sez\u00f3n\u011b. R\u00e1jem je zdej\u0161\u00ed [&hellip;]","datePublished":"2018-06-27","dateModified":"2023-04-29","author":{"@type":"Person","@id":"https:\/\/www.amos-ova.cz\/author\/#Person","name":"amos-ova.cz\n","url":"https:\/\/www.amos-ova.cz\/author\/","identifier":1,"image":{"@type":"ImageObject","@id":"https:\/\/secure.gravatar.com\/avatar\/4b051168bd2ace843d503d3432ebc4a96ac13303845197b3f2a2634cb21029f6?s=96&d=mm&r=g","url":"https:\/\/secure.gravatar.com\/avatar\/4b051168bd2ace843d503d3432ebc4a96ac13303845197b3f2a2634cb21029f6?s=96&d=mm&r=g","height":96,"width":96}},"publisher":{"@type":"Organization","name":"amos-ova.cz","logo":{"@type":"ImageObject","@id":"\/logo.png","url":"\/logo.png","width":600,"height":60}},"image":{"@type":"ImageObject","@id":"https:\/\/www.amos-ova.cz\/wp-content\/uploads\/img_a319824_w1894_t1530906258.jpg","url":"https:\/\/www.amos-ova.cz\/wp-content\/uploads\/img_a319824_w1894_t1530906258.jpg","height":0,"width":0},"url":"https:\/\/www.amos-ova.cz\/levandulovy-raj\/","about":["Dovolen\u00e1"],"wordCount":409,"articleBody":" Ji\u017en\u00ed \u010d\u00e1st Francie nab\u00edz\u00ed snad v\u0161e od vrcholk\u016f hor p\u0159es vinice a\u017e mo\u0159e. Hlavn\u00edm m\u011bstem Provence je Marseille. Tamn\u00ed mal\u00e1 m\u011bsta jsou kulturn\u011b bohat\u00e1 a gurm\u00e1ni si vychutnaj\u00ed pravou francouzskou dom\u00e1c\u00ed kuchyni. Ide\u00e1ln\u00ed dobou pro n\u00e1v\u0161t\u011bvu tohoto p\u0159ekr\u00e1sn\u00e9ho kraje je obdob\u00ed od pozdn\u00edho jara do za\u010d\u00e1tku podzimu, nejtepleji je samoz\u0159ejm\u011b v sez\u00f3n\u011b. R\u00e1jem je zdej\u0161\u00ed mo\u0159e p\u0159edev\u0161\u00edm pro vyznava\u010de kitingu nebo windsurfingu. C\u00f4te d\u00b4Azur je zn\u00e1m\u00e9 sv\u00fdmi kr\u00e1sn\u00fdmi pl\u00e1\u017eemi, ur\u010dit\u011b v\u00e1m n\u011bco \u0159eknou m\u011bsta Nice nebo St. Tropez (ano, p\u0159esn\u011b odtud poch\u00e1zel onen n\u00e1m dob\u0159e zn\u00e1m\u00fd \u010detn\u00edk v pod\u00e1n\u00ed slavn\u00e9ho Louise de Funes). Co se t\u00fdk\u00e1 ubytov\u00e1n\u00ed, z\u00e1le\u017e\u00ed na va\u0161ich finan\u010dn\u00edch mo\u017enostech, najdete zde hotely jak pro bohat\u00e9 klienty, tak i pro b\u011b\u017en\u00e9 turisty. Sv\u00e9 kr\u00e1sy v\u00e1m nab\u00eddne i samotn\u00e1 Marseille nebo zn\u00e1m\u00fd ostrov If (zn\u00e1te jist\u011b ze slavn\u00e9ho rom\u00e1nu o hrab\u011bti Monte Christo), kam se dostanete lod\u00ed z p\u0159\u00edstavu Vieux.  Naprost\u00fdm p\u0159\u00edrodn\u00edm unik\u00e1tem je Grand canyon du Verdon, pat\u0159\u00ed mezi nejhlub\u0161\u00ed v Evrop\u011b, jeho hloubka je a\u017e t\u0159i \u010dtvrt\u011b kilometru.Kudy do r\u00e1je a na co si d\u00e1t pozor Ten komu se zasteskne po mo\u0159i, ale chce z\u00e1rove\u0148 poznat i n\u011bco jin\u00e9ho, m\u016f\u017ee volit nejjednodu\u0161\u0161\u00ed cestu, a to autem. P\u0159i cest\u011b pe\u010dliv\u011b dbejte v\u0161ech dopravn\u00edch p\u0159edpis\u016f, pokuty se toti\u017e plat\u00ed p\u0159\u00edmo p\u0159\u00edslu\u0161n\u00edk\u016fm policie hotov\u011b. Rychlej\u0161\u00edm, ale i dra\u017e\u0161\u00edm zp\u016fsobem, je cesta letadlem, kter\u00e1 trv\u00e1 n\u011bco m\u00e1lo p\u0159es dv\u011b hodiny. Pro \u010dleny Evropsk\u00e9 unie sta\u010d\u00ed k cestov\u00e1n\u00ed jako doklad ob\u010dansk\u00fd pr\u016fkaz. Domluv\u00edte se zde samoz\u0159ejm\u011b francouzsky, ve v\u011bt\u0161\u00edch m\u011bstech m\u016f\u017eete uplatnit i sv\u00e9 znalosti jazyka anglick\u00e9ho. Kousek tohoto r\u00e1je si m\u016f\u017eete ale p\u0159en\u00e9st i k sob\u011b dom\u016f, kdo by necht\u011bl m\u00edt provon\u011bn\u00fd byt levandulovou v\u016fn\u00ed. Nen\u00ed nic jednodu\u0161\u0161\u00edho ne\u017e si okno vyzdobit kv\u011btin\u00e1\u010dem s levandul\u00ed. Z m\u011bste\u010dka \u00c9z si zase m\u016f\u017eete p\u0159iv\u00e9zt n\u011bkter\u00fd z proslul\u00fdch francouzsk\u00fdch parf\u00e9m\u016f.                                                                                                                                                                                                                                                                                                                                                                                        4.4\/5 - (8 votes)        "},{"@context":"https:\/\/schema.org\/","@type":"BreadcrumbList","itemListElement":[{"@type":"ListItem","position":1,"name":"Levandulov\u00fd r\u00e1j","item":"https:\/\/www.amos-ova.cz\/levandulovy-raj\/#breadcrumbitem"}]}]