[{"@context":"https:\/\/schema.org\/","@type":"Article","@id":"https:\/\/www.amos-ova.cz\/hdp-ocima-laika\/#Article","mainEntityOfPage":"https:\/\/www.amos-ova.cz\/hdp-ocima-laika\/","headline":"HDP o\u010dima laika","name":"HDP o\u010dima laika","description":"Co je vlastn\u011b HDP Definice HDP (GDP) je velice jednoduch\u00e1, jedn\u00e1 se o hodnotu materi\u00e1ln\u00edch a nemateri\u00e1ln\u00edch v\u011bc\u00ed v\u00a0dan\u00e9m \u010dase a na dan\u00e9m m\u00edst\u011b (tedy v\u00a0konkr\u00e9tn\u00edm st\u00e1t\u011b), z\u00a0t\u011bchto hodnot je pak zobrazov\u00e1na ekonomika p\u0159\u00edslu\u0161n\u00e9 zem\u011b, v\u00a0n\u011bkter\u00fdch p\u0159\u00edpadech se d\u00e1 p\u0159epo\u010d\u00edtat i na jednoho obyvatele. Jak jsme na tom v\u00a0\u010cesk\u00e9 republice nyn\u00ed Za posledn\u00ed \u010dtvrtlet\u00ed jsou [&hellip;]","datePublished":"2025-03-03","dateModified":"2023-04-29","author":{"@type":"Person","@id":"https:\/\/www.amos-ova.cz\/author\/#Person","name":"amos-ova.cz\n","url":"https:\/\/www.amos-ova.cz\/author\/","identifier":1,"image":{"@type":"ImageObject","@id":"https:\/\/secure.gravatar.com\/avatar\/4b051168bd2ace843d503d3432ebc4a96ac13303845197b3f2a2634cb21029f6?s=96&d=mm&r=g","url":"https:\/\/secure.gravatar.com\/avatar\/4b051168bd2ace843d503d3432ebc4a96ac13303845197b3f2a2634cb21029f6?s=96&d=mm&r=g","height":96,"width":96}},"publisher":{"@type":"Organization","name":"amos-ova.cz","logo":{"@type":"ImageObject","@id":"\/logo.png","url":"\/logo.png","width":600,"height":60}},"image":{"@type":"ImageObject","@id":"https:\/\/www.amos-ova.cz\/wp-content\/uploads\/img_a318930_w1894_t1529825164.jpg","url":"https:\/\/www.amos-ova.cz\/wp-content\/uploads\/img_a318930_w1894_t1529825164.jpg","height":0,"width":0},"url":"https:\/\/www.amos-ova.cz\/hdp-ocima-laika\/","about":["Ekonomika"],"wordCount":405,"articleBody":"Co je vlastn\u011b HDP\tDefinice HDP (GDP) je velice jednoduch\u00e1, jedn\u00e1 se o hodnotu materi\u00e1ln\u00edch a nemateri\u00e1ln\u00edch v\u011bc\u00ed v\u00a0dan\u00e9m \u010dase a na dan\u00e9m m\u00edst\u011b (tedy v\u00a0konkr\u00e9tn\u00edm st\u00e1t\u011b), z\u00a0t\u011bchto hodnot je pak zobrazov\u00e1na ekonomika p\u0159\u00edslu\u0161n\u00e9 zem\u011b, v\u00a0n\u011bkter\u00fdch p\u0159\u00edpadech se d\u00e1 p\u0159epo\u010d\u00edtat i na jednoho obyvatele.\tJak jsme na tom v\u00a0\u010cesk\u00e9 republice nyn\u00ed\tZa posledn\u00ed \u010dtvrtlet\u00ed jsou na tom \u010cechy velice slu\u0161n\u011b, hrub\u00fd dom\u00e1c\u00ed produkt dos\u00e1hl t\u00e9m\u011b\u0159 \u010dty\u0159 a p\u016fl procenta. P\u0159\u00ed\u010dinou jsou p\u0159edev\u0161\u00edm investovan\u00e9 \u010d\u00e1stky, co\u017e je v\u00a0p\u0159\u00edm\u00e9 souvislosti s\u00a0popt\u00e1vkou, ale tak\u00e9 n\u00edzk\u00e1 inflace. Tomuto vzr\u016fstaj\u00edc\u00edmu tempu v\u0161ak br\u00e1n\u00ed nedostatek pracovn\u00edch sil (paradoxem oproti tomu je n\u00edzk\u00e1 nezam\u011bstnanost). Dob\u0159e je na tom ekonomika, i co se t\u00fdk\u00e1 v\u00fdstavby, a\u0165 u\u017e pro \u00fa\u010dely komer\u010dn\u00ed nebo bytov\u00e9. Jako pozitivn\u00ed zpr\u00e1va se d\u00e1 ozna\u010dit i to, \u017ee v\u00a0sou\u010dasn\u00e9 dob\u011b m\u00e1me nejni\u017e\u0161\u00ed mo\u017enou nezam\u011bstnanost v\u00a0historii za posledn\u00edch dvacet let. Vy\u0161\u0161\u00ed platy (bohu\u017eel ne ve v\u0161ech odv\u011btv\u00edch, tak jak by si zam\u011bstnanci zaslou\u017eili) tak\u00e9 maj\u00ed za d\u016fsledek to, \u017ee rodiny v\u00edce utr\u00e1c\u00ed, to v\u0161e pozitivn\u011b ovliv\u0148uje r\u016fst HDP. V\u00a0sou\u010dasn\u00e9 dob\u011b bychom na tom m\u011bli b\u00fdt l\u00e9pe ne\u017e n\u011bkter\u00e9 ze zem\u00ed Evropsk\u00e9 unie. Tento kladn\u00fd trend by mohly naru\u0161it pouze vy\u0161\u0161\u00ed st\u00e1tn\u00ed v\u00fddaje a devalvace, pokud by k\u00a0tomu do\u0161lo, v\u00a0n\u00e1sleduj\u00edc\u00edch letech by se r\u016fst ekonomiky pozastavil. \tV\u00a0\u010dele v\u0161eho je st\u00e1le pr\u016fmysl\tV\u00a0\u010cech\u00e1ch v\u017edy byl a st\u00e1le je hnac\u00edm motorem ekonomiky p\u0159edev\u0161\u00edm pr\u016fmysl (pod\u00edl\u00ed se jednou t\u0159etinou). Nejl\u00e9pe si vedou podniky zam\u011b\u0159en\u00e9 na v\u00fdrobu automobil\u016f, strojn\u00edch a elektronick\u00fdch za\u0159\u00edzen\u00ed.\tJak jsme na tom byli v\u00a0minulosti\tPokud se v\u00a0\u010d\u00edslech moc neorientujete, pro srovn\u00e1n\u00ed je zde p\u0159\u00edklad z\u00a0minulosti, konkr\u00e9tn\u011b z\u00a0obdob\u00ed zhruba p\u0159ed deseti lety, kdy prob\u00edhala krize t\u00e9m\u011b\u0159 cel\u00fd rok. Tehdy klesl hrub\u00fd dom\u00e1c\u00ed produkt o neuv\u011b\u0159iteln\u00fdch \u0161est procent. Na\u0161t\u011bst\u00ed tato krize netrvala dlouho a do\u0161lo k\u00a0pozitivn\u00edmu obratu.                                                                                                                                                                                                                                                                                                                                                                                         4\/5 - (6 votes)        "},{"@context":"https:\/\/schema.org\/","@type":"BreadcrumbList","itemListElement":[{"@type":"ListItem","position":1,"name":"HDP o\u010dima laika","item":"https:\/\/www.amos-ova.cz\/hdp-ocima-laika\/#breadcrumbitem"}]}]