{"@context":"https:\/\/schema.org\/","@type":"CollectionPage","@id":"https:\/\/www.amos-ova.cz\/dovolena\/#CollectionPage","headline":"Dovolen\u00e1 Category","description":"","url":"https:\/\/www.amos-ova.cz\/dovolena\/","hasPart":[{"@type":"Article","@id":"https:\/\/www.amos-ova.cz\/ceska-republika-je-jednou-z-nejkrasnejsich-zemi-sveta-to-neni-fraze\/","headline":"\u010cesk\u00e1 republika je jednou z nejkr\u00e1sn\u011bj\u0161\u00edch zem\u00ed sv\u011bta, to nen\u00ed fr\u00e1ze!","url":"https:\/\/www.amos-ova.cz\/ceska-republika-je-jednou-z-nejkrasnejsich-zemi-sveta-to-neni-fraze\/","datePublished":"2025-03-08","dateModified":"2023-04-29","mainEntityOfPage":"https:\/\/www.amos-ova.cz\/ceska-republika-je-jednou-z-nejkrasnejsich-zemi-sveta-to-neni-fraze\/","author":{"@type":"Person","@id":"https:\/\/www.amos-ova.cz\/author\/#Person","name":"amos-ova.cz\n","url":"https:\/\/www.amos-ova.cz\/author\/","identifier":1,"image":{"@type":"ImageObject","@id":"https:\/\/secure.gravatar.com\/avatar\/4b051168bd2ace843d503d3432ebc4a96ac13303845197b3f2a2634cb21029f6?s=96&d=mm&r=g","url":"https:\/\/secure.gravatar.com\/avatar\/4b051168bd2ace843d503d3432ebc4a96ac13303845197b3f2a2634cb21029f6?s=96&d=mm&r=g","height":96,"width":96}},"publisher":{"@type":"Organization","name":"amos-ova.cz","logo":{"@type":"ImageObject","@id":"\/logo.png","url":"\/logo.png","width":600,"height":60}},"image":{"@type":"ImageObject","@id":"https:\/\/www.amos-ova.cz\/wp-content\/uploads\/img_a311020_w1894_t1521978680.jpg","url":"https:\/\/www.amos-ova.cz\/wp-content\/uploads\/img_a311020_w1894_t1521978680.jpg","height":0,"width":0},"keywords":null},{"@type":"Article","@id":"https:\/\/www.amos-ova.cz\/aktivni-dovolena-s-cyklobrasnami-a-s-batohem\/","headline":"Aktivn\u00ed dovolen\u00e1 s cyklobra\u0161nami a s batohem","url":"https:\/\/www.amos-ova.cz\/aktivni-dovolena-s-cyklobrasnami-a-s-batohem\/","datePublished":"2025-03-04","dateModified":"2023-04-29","mainEntityOfPage":"https:\/\/www.amos-ova.cz\/aktivni-dovolena-s-cyklobrasnami-a-s-batohem\/","author":{"@type":"Person","@id":"https:\/\/www.amos-ova.cz\/author\/#Person","name":"amos-ova.cz\n","url":"https:\/\/www.amos-ova.cz\/author\/","identifier":1,"image":{"@type":"ImageObject","@id":"https:\/\/secure.gravatar.com\/avatar\/4b051168bd2ace843d503d3432ebc4a96ac13303845197b3f2a2634cb21029f6?s=96&d=mm&r=g","url":"https:\/\/secure.gravatar.com\/avatar\/4b051168bd2ace843d503d3432ebc4a96ac13303845197b3f2a2634cb21029f6?s=96&d=mm&r=g","height":96,"width":96}},"publisher":{"@type":"Organization","name":"amos-ova.cz","logo":{"@type":"ImageObject","@id":"\/logo.png","url":"\/logo.png","width":600,"height":60}},"image":{"@type":"ImageObject","@id":"https:\/\/www.amos-ova.cz\/wp-content\/uploads\/img_a341163_w1894_t1553941146.jpg","url":"https:\/\/www.amos-ova.cz\/wp-content\/uploads\/img_a341163_w1894_t1553941146.jpg","height":0,"width":0},"keywords":null},{"@type":"Article","@id":"https:\/\/www.amos-ova.cz\/s-nami-do-chorvatska-jiste-neprohloupite\/","headline":"S n\u00e1mi do Chorvatska jist\u011b neprohloup\u00edte!","url":"https:\/\/www.amos-ova.cz\/s-nami-do-chorvatska-jiste-neprohloupite\/","datePublished":"2023-04-29","dateModified":"2023-04-29","mainEntityOfPage":"https:\/\/www.amos-ova.cz\/s-nami-do-chorvatska-jiste-neprohloupite\/","author":{"@type":"Person","@id":"https:\/\/www.amos-ova.cz\/author\/#Person","name":"amos-ova.cz\n","url":"https:\/\/www.amos-ova.cz\/author\/","identifier":1,"image":{"@type":"ImageObject","@id":"https:\/\/secure.gravatar.com\/avatar\/4b051168bd2ace843d503d3432ebc4a96ac13303845197b3f2a2634cb21029f6?s=96&d=mm&r=g","url":"https:\/\/secure.gravatar.com\/avatar\/4b051168bd2ace843d503d3432ebc4a96ac13303845197b3f2a2634cb21029f6?s=96&d=mm&r=g","height":96,"width":96}},"publisher":{"@type":"Organization","name":"amos-ova.cz","logo":{"@type":"ImageObject","@id":"\/logo.png","url":"\/logo.png","width":600,"height":60}},"image":null,"keywords":null},{"@type":"Article","@id":"https:\/\/www.amos-ova.cz\/co-zabalit-do-batohu-na-dovolenou-pod-stanem\/","headline":"Co zabalit do batohu na dovolenou pod stanem","url":"https:\/\/www.amos-ova.cz\/co-zabalit-do-batohu-na-dovolenou-pod-stanem\/","datePublished":"2023-04-29","dateModified":"2023-04-29","mainEntityOfPage":"https:\/\/www.amos-ova.cz\/co-zabalit-do-batohu-na-dovolenou-pod-stanem\/","author":{"@type":"Person","@id":"https:\/\/www.amos-ova.cz\/author\/#Person","name":"amos-ova.cz\n","url":"https:\/\/www.amos-ova.cz\/author\/","identifier":1,"image":{"@type":"ImageObject","@id":"https:\/\/secure.gravatar.com\/avatar\/4b051168bd2ace843d503d3432ebc4a96ac13303845197b3f2a2634cb21029f6?s=96&d=mm&r=g","url":"https:\/\/secure.gravatar.com\/avatar\/4b051168bd2ace843d503d3432ebc4a96ac13303845197b3f2a2634cb21029f6?s=96&d=mm&r=g","height":96,"width":96}},"publisher":{"@type":"Organization","name":"amos-ova.cz","logo":{"@type":"ImageObject","@id":"\/logo.png","url":"\/logo.png","width":600,"height":60}},"image":null,"keywords":null},{"@type":"Article","@id":"https:\/\/www.amos-ova.cz\/po-celodennich-vyletech-na-kole\/","headline":"Po celodenn\u00edch v\u00fdletech na kole","url":"https:\/\/www.amos-ova.cz\/po-celodennich-vyletech-na-kole\/","datePublished":"2023-04-29","dateModified":"2023-04-29","mainEntityOfPage":"https:\/\/www.amos-ova.cz\/po-celodennich-vyletech-na-kole\/","author":{"@type":"Person","@id":"https:\/\/www.amos-ova.cz\/author\/#Person","name":"amos-ova.cz\n","url":"https:\/\/www.amos-ova.cz\/author\/","identifier":1,"image":{"@type":"ImageObject","@id":"https:\/\/secure.gravatar.com\/avatar\/4b051168bd2ace843d503d3432ebc4a96ac13303845197b3f2a2634cb21029f6?s=96&d=mm&r=g","url":"https:\/\/secure.gravatar.com\/avatar\/4b051168bd2ace843d503d3432ebc4a96ac13303845197b3f2a2634cb21029f6?s=96&d=mm&r=g","height":96,"width":96}},"publisher":{"@type":"Organization","name":"amos-ova.cz","logo":{"@type":"ImageObject","@id":"\/logo.png","url":"\/logo.png","width":600,"height":60}},"image":null,"keywords":null},{"@type":"Article","@id":"https:\/\/www.amos-ova.cz\/romanticka-dovolena-na-kole\/","headline":"Romantick\u00e1 dovolen\u00e1 na kole","url":"https:\/\/www.amos-ova.cz\/romanticka-dovolena-na-kole\/","datePublished":"2023-04-29","dateModified":"2023-04-29","mainEntityOfPage":"https:\/\/www.amos-ova.cz\/romanticka-dovolena-na-kole\/","author":{"@type":"Person","@id":"https:\/\/www.amos-ova.cz\/author\/#Person","name":"amos-ova.cz\n","url":"https:\/\/www.amos-ova.cz\/author\/","identifier":1,"image":{"@type":"ImageObject","@id":"https:\/\/secure.gravatar.com\/avatar\/4b051168bd2ace843d503d3432ebc4a96ac13303845197b3f2a2634cb21029f6?s=96&d=mm&r=g","url":"https:\/\/secure.gravatar.com\/avatar\/4b051168bd2ace843d503d3432ebc4a96ac13303845197b3f2a2634cb21029f6?s=96&d=mm&r=g","height":96,"width":96}},"publisher":{"@type":"Organization","name":"amos-ova.cz","logo":{"@type":"ImageObject","@id":"\/logo.png","url":"\/logo.png","width":600,"height":60}},"image":null,"keywords":null},{"@type":"Article","@id":"https:\/\/www.amos-ova.cz\/kucharske-umeni-v-kouzelnem-hotelu-na-palave\/","headline":"Kucha\u0159sk\u00e9 um\u011bn\u00ed v kouzeln\u00e9m hotelu na P\u00e1lav\u011b","url":"https:\/\/www.amos-ova.cz\/kucharske-umeni-v-kouzelnem-hotelu-na-palave\/","datePublished":"2019-11-13","dateModified":"2023-04-29","mainEntityOfPage":"https:\/\/www.amos-ova.cz\/kucharske-umeni-v-kouzelnem-hotelu-na-palave\/","author":{"@type":"Person","@id":"https:\/\/www.amos-ova.cz\/author\/#Person","name":"amos-ova.cz\n","url":"https:\/\/www.amos-ova.cz\/author\/","identifier":1,"image":{"@type":"ImageObject","@id":"https:\/\/secure.gravatar.com\/avatar\/4b051168bd2ace843d503d3432ebc4a96ac13303845197b3f2a2634cb21029f6?s=96&d=mm&r=g","url":"https:\/\/secure.gravatar.com\/avatar\/4b051168bd2ace843d503d3432ebc4a96ac13303845197b3f2a2634cb21029f6?s=96&d=mm&r=g","height":96,"width":96}},"publisher":{"@type":"Organization","name":"amos-ova.cz","logo":{"@type":"ImageObject","@id":"\/logo.png","url":"\/logo.png","width":600,"height":60}},"image":{"@type":"ImageObject","@id":"https:\/\/www.amos-ova.cz\/wp-content\/uploads\/img_a366649_w1894_t1579346466.jpg","url":"https:\/\/www.amos-ova.cz\/wp-content\/uploads\/img_a366649_w1894_t1579346466.jpg","height":0,"width":0},"keywords":null},{"@type":"Article","@id":"https:\/\/www.amos-ova.cz\/levandulovy-raj\/","headline":"Levandulov\u00fd r\u00e1j","url":"https:\/\/www.amos-ova.cz\/levandulovy-raj\/","datePublished":"2018-06-27","dateModified":"2023-04-29","mainEntityOfPage":"https:\/\/www.amos-ova.cz\/levandulovy-raj\/","author":{"@type":"Person","@id":"https:\/\/www.amos-ova.cz\/author\/#Person","name":"amos-ova.cz\n","url":"https:\/\/www.amos-ova.cz\/author\/","identifier":1,"image":{"@type":"ImageObject","@id":"https:\/\/secure.gravatar.com\/avatar\/4b051168bd2ace843d503d3432ebc4a96ac13303845197b3f2a2634cb21029f6?s=96&d=mm&r=g","url":"https:\/\/secure.gravatar.com\/avatar\/4b051168bd2ace843d503d3432ebc4a96ac13303845197b3f2a2634cb21029f6?s=96&d=mm&r=g","height":96,"width":96}},"publisher":{"@type":"Organization","name":"amos-ova.cz","logo":{"@type":"ImageObject","@id":"\/logo.png","url":"\/logo.png","width":600,"height":60}},"image":{"@type":"ImageObject","@id":"https:\/\/www.amos-ova.cz\/wp-content\/uploads\/img_a319824_w1894_t1530906258.jpg","url":"https:\/\/www.amos-ova.cz\/wp-content\/uploads\/img_a319824_w1894_t1530906258.jpg","height":0,"width":0},"keywords":null},{"@type":"Article","@id":"https:\/\/www.amos-ova.cz\/moznosti-na-ktere-se-muzete-spolehnout-i-vy\/","headline":"Mo\u017enosti, na kter\u00e9 se m\u016f\u017eete spolehnout i Vy","url":"https:\/\/www.amos-ova.cz\/moznosti-na-ktere-se-muzete-spolehnout-i-vy\/","datePublished":"2018-05-01","dateModified":"2023-04-29","mainEntityOfPage":"https:\/\/www.amos-ova.cz\/moznosti-na-ktere-se-muzete-spolehnout-i-vy\/","author":{"@type":"Person","@id":"https:\/\/www.amos-ova.cz\/author\/#Person","name":"amos-ova.cz\n","url":"https:\/\/www.amos-ova.cz\/author\/","identifier":1,"image":{"@type":"ImageObject","@id":"https:\/\/secure.gravatar.com\/avatar\/4b051168bd2ace843d503d3432ebc4a96ac13303845197b3f2a2634cb21029f6?s=96&d=mm&r=g","url":"https:\/\/secure.gravatar.com\/avatar\/4b051168bd2ace843d503d3432ebc4a96ac13303845197b3f2a2634cb21029f6?s=96&d=mm&r=g","height":96,"width":96}},"publisher":{"@type":"Organization","name":"amos-ova.cz","logo":{"@type":"ImageObject","@id":"\/logo.png","url":"\/logo.png","width":600,"height":60}},"image":{"@type":"ImageObject","@id":"https:\/\/www.amos-ova.cz\/wp-content\/uploads\/img_a318568_w1894_t1529403087.jpg","url":"https:\/\/www.amos-ova.cz\/wp-content\/uploads\/img_a318568_w1894_t1529403087.jpg","height":0,"width":0},"keywords":null}]}