[{"@context":"https:\/\/schema.org\/","@type":"Article","@id":"https:\/\/www.amos-ova.cz\/domovy-se-zvlastnim-rezimem-jsou-profesionalni-instituce\/#Article","mainEntityOfPage":"https:\/\/www.amos-ova.cz\/domovy-se-zvlastnim-rezimem-jsou-profesionalni-instituce\/","headline":"Domovy se zvl\u00e1\u0161tn\u00edm re\u017eimem jsou profesion\u00e1ln\u00ed instituce","name":"Domovy se zvl\u00e1\u0161tn\u00edm re\u017eimem jsou profesion\u00e1ln\u00ed instituce","description":"Jde i v\u00e1m o to, aby se m\u011bli va\u0161i bl\u00edzc\u00ed velmi dob\u0159e a aby o n\u011b bylo skv\u011ble postar\u00e1no? Pokud je tomu tak, m\u011bli byste v\u017edy zajistit to, \u017ee dostanou profesion\u00e1ln\u00ed p\u00e9\u010di. D\u00edky n\u00ed si budete jist\u00ed t\u00edm, \u017ee maj\u00ed v\u0161echno, co je pot\u0159eba a \u017ee se nestane, \u017ee by se n\u011bjak zranily. Pokud se [&hellip;]","datePublished":"2023-04-29","dateModified":"2023-04-29","author":{"@type":"Person","@id":"https:\/\/www.amos-ova.cz\/author\/#Person","name":"amos-ova.cz\n","url":"https:\/\/www.amos-ova.cz\/author\/","identifier":1,"image":{"@type":"ImageObject","@id":"https:\/\/secure.gravatar.com\/avatar\/4b051168bd2ace843d503d3432ebc4a96ac13303845197b3f2a2634cb21029f6?s=96&d=mm&r=g","url":"https:\/\/secure.gravatar.com\/avatar\/4b051168bd2ace843d503d3432ebc4a96ac13303845197b3f2a2634cb21029f6?s=96&d=mm&r=g","height":96,"width":96}},"publisher":{"@type":"Organization","name":"amos-ova.cz","logo":{"@type":"ImageObject","@id":"\/logo.png","url":"\/logo.png","width":600,"height":60}},"url":"https:\/\/www.amos-ova.cz\/domovy-se-zvlastnim-rezimem-jsou-profesionalni-instituce\/","about":["Zdrav\u00ed"],"wordCount":417,"articleBody":"Jde i v\u00e1m o to, aby se m\u011bli va\u0161i bl\u00edzc\u00ed velmi dob\u0159e a aby o n\u011b bylo skv\u011ble postar\u00e1no? Pokud je tomu tak, m\u011bli byste v\u017edy zajistit to, \u017ee dostanou profesion\u00e1ln\u00ed p\u00e9\u010di. D\u00edky n\u00ed si budete jist\u00ed t\u00edm, \u017ee maj\u00ed v\u0161echno, co je pot\u0159eba a \u017ee se nestane, \u017ee by se n\u011bjak zranily. Pokud se o n\u011b pot\u0159ebujete postarat a nem\u016f\u017eete se jim v\u011bnovat cel\u00fd den, jeliko\u017e chod\u00edte do pr\u00e1ce, m\u011bli byste se v\u017edy obr\u00e1tit na specialisty, kte\u0159\u00ed v\u00e1m daj\u00ed skv\u011blou pomoc a se kter\u00fdmi bude v\u0161echno v po\u0159\u00e1dku. Jednodu\u0161e se s nimi dohodnete na spolupr\u00e1ci a garantujeme, \u017ee domov se zvl\u00e1\u0161tn\u00edm re\u017eimem je pro v\u00e1s vhodn\u00fdm \u0159e\u0161en\u00edm.&#13; &#13; V\u017edy jsou tam zam\u011bstn\u00e1v\u00e1ni pouze profesion\u00e1lov\u00e9 ve sv\u00e9m oboru, se kter\u00fdmi se snadno na v\u0161em dohodnete a se kter\u00fdmi bude p\u00e9\u010de na velmi vysok\u00e9 \u00farovni. Proto v\u00e1m bude v\u0161echno vyhovovat a budete se moci spolehnout na to, \u017ee jste dostali pomoc, kter\u00e1 spln\u00ed v\u0161echna va\u0161e p\u0159\u00e1n\u00ed a po\u017eadavky a kter\u00e1 je pro v\u00e1s spr\u00e1vn\u00e1. Nav\u00edc jsou dnes na jednotliv\u00fdch odd\u011blen\u00edch nastaveny parametry tak, aby byla podle toho, v jak\u00e9 jsou pacienti kondici, zaji\u0161t\u011bna p\u00e9\u010de. Proto se nestane, \u017ee by byl n\u011bjak\u00fd pacient zanedb\u00e1v\u00e1n, jeliko\u017e je na odd\u011blen\u00ed m\u00e1lo zam\u011bstnanc\u016f. I proto je pro v\u00e1s toto \u0159e\u0161en\u00ed spr\u00e1vn\u00e9 a bude v\u00e1m stoprocentn\u011b vyhovovat.&#13; &#13; &#13; Nebojte se, \u017ee byste nedostali v\u0161echny informace&#13; V\u017edy dostanete od tohoto centra v\u0161echny pot\u0159ebn\u00e9 informace. Proto se nestane to, \u017ee byste cokoli nev\u011bd\u011bli nebo \u017ee byste nem\u011bli spr\u00e1vn\u00e9 informace o tomto v\u0161em. I d\u00edky tomu je toto \u0159e\u0161en\u00ed spr\u00e1vn\u00e9 pro v\u0161echny, kte\u0159\u00ed cht\u011bj\u00ed d\u00e1vat sv\u00fdm bl\u00edzk\u00fdm skv\u011blou p\u00e9\u010di a d\u00edky komu pro v\u00e1s bude v\u0161echno v po\u0159\u00e1dku. Nev\u00e1hejte se i vy o tomto v\u0161em doopravdy jednodu\u0161e p\u0159esv\u011bd\u010dit. Pod\u00edvejte se na reference a recenze, kter\u00e9 tato centra dostala. Budete si d\u00edky tomu jist\u00ed t\u00edm, \u017ee se v\u00e1m spolupr\u00e1ce vyplat\u00ed a \u017ee nebude doopravdy v\u016fbec nic zanedb\u00e1no. &#13;                                                                                                                                                                                                                                                                                                                                                                                        3.9\/5 - (7 votes)        "},{"@context":"https:\/\/schema.org\/","@type":"BreadcrumbList","itemListElement":[{"@type":"ListItem","position":1,"name":"Domovy se zvl\u00e1\u0161tn\u00edm re\u017eimem jsou profesion\u00e1ln\u00ed instituce","item":"https:\/\/www.amos-ova.cz\/domovy-se-zvlastnim-rezimem-jsou-profesionalni-instituce\/#breadcrumbitem"}]}]