[{"@context":"https:\/\/schema.org\/","@type":"Article","@id":"https:\/\/www.amos-ova.cz\/co-az-se-to-narodi\/#Article","mainEntityOfPage":"https:\/\/www.amos-ova.cz\/co-az-se-to-narodi\/","headline":"Co a\u017e se to narod\u00ed?","name":"Co a\u017e se to narod\u00ed?","description":"Nejprve to z\u0159ejm\u011b budete muset nakrmit. S t\u00edm v\u0161\u00edm v\u00e1m pomohou sest\u0159i\u010dky v nemocnici, kam se m\u016f\u017eete jist\u011b p\u0159ij\u00edt pod\u00edvat u\u017e dop\u0159edu, jakmile zjist\u00edte, \u017ee jste t\u011bhotn\u00e1. Ned\u011blejte si zbyte\u010dn\u011b starosti a berte to v\u0161echno v klidu a v pohod\u011b. Se v\u0161\u00edm v\u00e1m v\u017edy porad\u00ed a v\u017edy v\u00e1m tak\u00e9 v\u0161echno \u0159eknou, co m\u00e1te nebo nem\u00e1te [&hellip;]","datePublished":"2023-04-29","dateModified":"2023-04-29","author":{"@type":"Person","@id":"https:\/\/www.amos-ova.cz\/author\/#Person","name":"amos-ova.cz\n","url":"https:\/\/www.amos-ova.cz\/author\/","identifier":1,"image":{"@type":"ImageObject","@id":"https:\/\/secure.gravatar.com\/avatar\/4b051168bd2ace843d503d3432ebc4a96ac13303845197b3f2a2634cb21029f6?s=96&d=mm&r=g","url":"https:\/\/secure.gravatar.com\/avatar\/4b051168bd2ace843d503d3432ebc4a96ac13303845197b3f2a2634cb21029f6?s=96&d=mm&r=g","height":96,"width":96}},"publisher":{"@type":"Organization","name":"amos-ova.cz","logo":{"@type":"ImageObject","@id":"\/logo.png","url":"\/logo.png","width":600,"height":60}},"url":"https:\/\/www.amos-ova.cz\/co-az-se-to-narodi\/","about":["N\u00e1kupy"],"wordCount":438,"articleBody":"     Nejprve to z\u0159ejm\u011b budete muset nakrmit. S t\u00edm v\u0161\u00edm v\u00e1m pomohou sest\u0159i\u010dky v nemocnici, kam se m\u016f\u017eete jist\u011b p\u0159ij\u00edt pod\u00edvat u\u017e dop\u0159edu, jakmile zjist\u00edte, \u017ee jste t\u011bhotn\u00e1. Ned\u011blejte si zbyte\u010dn\u011b starosti a berte to v\u0161echno v klidu a v pohod\u011b. Se v\u0161\u00edm v\u00e1m v\u017edy porad\u00ed a v\u017edy v\u00e1m tak\u00e9 v\u0161echno \u0159eknou, co m\u00e1te nebo nem\u00e1te d\u011blat. Jako prvorodi\u010dky to jist\u011b budete m\u00edt t\u011b\u017e\u0161\u00ed, ale ka\u017ed\u00e1 \u017eena to zvl\u00e1dne. Na \u0159ad\u011b jsou od\u011bvy pro nejmen\u0161\u00ed Pak to budete muset do n\u011b\u010deho obl\u00e9ci. Dop\u0159edu si m\u016f\u017eete u n\u00e1s objednat jak\u00fdkoliv druh od\u011bv\u016f pro va\u0161e nast\u00e1vaj\u00edc\u00ed miminko. Kojeneck\u00e9 oble\u010den\u00ed m\u00e1me ve v\u0161ech velikostech, kr\u00e1sn\u011b rozd\u011blen\u00e9 a po\u0159\u00e1dn\u011b o\u010d\u00edslovan\u00e9, abyste si hned byly jist\u00e9, co vlastn\u011b vyb\u00edr\u00e1te. Chcete si nap\u0159\u00edklad po\u0159\u00eddit celou sadu? U n\u00e1s je to mo\u017en\u00e9! Dop\u0159edu si tak zajist\u00edte ve\u0161ker\u00e9 nezbytnosti, kter\u00e9 se v\u00e1m posl\u00e9ze budou hodit. Origin\u00e1ln\u00ed potisk, kter\u00fd si sami navrhnete  Velice popul\u00e1rn\u00ed jsou vlastn\u00ed n\u00e1zvy, jm\u00e9na, ale tak\u00e9 roztomil\u00e9 obr\u00e1zky se sloganem, ver\u0161ovan\u00fdm textem, nebo v\u00fdhru\u017en\u00fdm! \u0158\u00edk\u00e1te si, jak v\u00fdhru\u017en\u00fd by mohl b\u00fdt n\u00e1pis na tri\u010dku mal\u00e9ho novorozen\u011bte? Pak v\u011b\u0159te, \u017ee hodn\u011b v\u00fdhru\u017en\u00fd, kdy\u017e v\u00e1m ozn\u00e1m\u00ed: \u201eD\u00e1my STOP, m\u016fj tat\u00ednek je ZADAN\u00dd!\u201c Kr\u00e1sn\u00e9 le\u010d velice v\u00fdsti\u017en\u00e9, tak\u017ee opravdu pozor d\u00e1my a nep\u0159ibli\u017eovat se! Je to velice vtipn\u00e9 a tak\u00e9 legra\u010dn\u00ed a to n\u011bkter\u00e9 mohou m\u00edt je\u0161t\u011b v\u011bt\u0161\u00ed v\u00fdznam, nebo nap\u0159\u00edklad dvojsmysl. Z\u00e1le\u017e\u00ed jenom na v\u00e1s, co si budete cht\u00edt na svou vlastn\u00ed princezni\u010dku nebo prince obl\u00e9ci. Co mu d\u00e1te na tri\u010dko nebo body \u010di overal. Lze potisknout r\u016fzn\u00e9 druhy oble\u010den\u00ed, tak\u017ee si sta\u010d\u00ed vybrat. N\u00e1vrhy v\u00e1m v\u017edy po\u0161leme, abyste si to pat\u0159i\u010dn\u011b mohli upravit dle vlastn\u00ed pot\u0159eby. Na n\u00e1s se m\u016f\u017eete spolehnout v \u010demkoli Na\u0161e nab\u00eddka samoz\u0159ejm\u011b sk\u00fdt\u00e1 i jin\u00e9 v\u011bci pro va\u0161e nejmen\u0161\u00ed mil\u00e1\u010dky. M\u016f\u017eete se obr\u00e1tit na oble\u010den\u00ed podle druhu, vylo\u017een\u011b kojeneck\u00e9 nebo pot\u0159eby pro nejmen\u0161\u00ed. M\u00e1me \u00fa\u017easn\u00e9 zavinova\u010dky, stejn\u011b jako d\u011btsk\u00e9 deky, pleny nebo nah\u0159\u00edvac\u00ed pol\u0161t\u00e1\u0159ky.                                                                                                                                                                                                                                                                                                                                                                                           3.2\/5 - (5 votes)        "},{"@context":"https:\/\/schema.org\/","@type":"BreadcrumbList","itemListElement":[{"@type":"ListItem","position":1,"name":"Co a\u017e se to narod\u00ed?","item":"https:\/\/www.amos-ova.cz\/co-az-se-to-narodi\/#breadcrumbitem"}]}]